{"id":16378,"date":"2015-03-19T11:17:22","date_gmt":"2015-03-19T09:17:22","guid":{"rendered":"http:\/\/www.bbyhaber.com\/bby\/?p=16378"},"modified":"2015-03-19T11:40:01","modified_gmt":"2015-03-19T09:40:01","slug":"guneste-kurutulmus-kitap","status":"publish","type":"post","link":"https:\/\/www.bbyhaber.com\/bby\/2015\/03\/19\/guneste-kurutulmus-kitap","title":{"rendered":"G\u00fcne\u015fte kurutulmu\u015f kitap!"},"content":{"rendered":"<p style=\"text-align: justify;\">G\u00fcney Pasifik\u2019teki ada \u00fclkesi Vanuatu, Pam kas\u0131rgas\u0131n\u0131n neden oldu\u011fu y\u0131k\u0131m\u0131n ard\u0131ndan yaralar\u0131n\u0131 sarmaya \u00e7al\u0131\u015f\u0131yor. Ba\u015fkent Port Vila\u2019daki bir okulda \u00f6\u011frenciler ve \u00f6\u011fretmenler, kas\u0131rga nedeniyle zarar g\u00f6ren kitaplar\u0131 g\u00fcne\u015fte kurutarak kurtarmaya \u00e7al\u0131\u015f\u0131yor. Okul m\u00fcd\u00fcr\u00fc Paul Alexander Hatyay, insanlara kas\u0131rga nedeniyle zarar g\u00f6ren okullar\u0131 i\u00e7in kitap yard\u0131m\u0131 yapmalar\u0131 \u00e7a\u011fr\u0131s\u0131nda bulundu.<!--more--><\/p>\n<p><a href=\"http:\/\/www.bbyhaber.com\/bby\/wp-content\/uploads\/2015\/03\/vanuatu-kitap1.jpg\"><img loading=\"lazy\" decoding=\"async\" class=\"alignnone\" src=\"http:\/\/www.bbyhaber.com\/bby\/wp-content\/uploads\/2015\/03\/vanuatu-kitap1.jpg\" alt=\"\" width=\"215\" height=\"127\" \/><\/a> <a href=\"http:\/\/www.bbyhaber.com\/bby\/wp-content\/uploads\/2015\/03\/vanuatu-kitap2.jpg\"><img loading=\"lazy\" decoding=\"async\" class=\"alignnone\" src=\"http:\/\/www.bbyhaber.com\/bby\/wp-content\/uploads\/2015\/03\/vanuatu-kitap2.jpg\" alt=\"\" width=\"215\" height=\"127\" \/><\/a> <a href=\"http:\/\/www.bbyhaber.com\/bby\/wp-content\/uploads\/2015\/03\/vanuatu-kitap3.jpg\"><img loading=\"lazy\" decoding=\"async\" class=\"alignnone\" src=\"http:\/\/www.bbyhaber.com\/bby\/wp-content\/uploads\/2015\/03\/vanuatu-kitap3.jpg\" alt=\"\" width=\"215\" height=\"127\" \/><\/a><\/p>\n<p>Kaynak: http:\/\/www.diken.com.tr\/<\/p>\n","protected":false},"excerpt":{"rendered":"<p>G\u00fcney Pasifik\u2019teki ada \u00fclkesi Vanuatu, Pam kas\u0131rgas\u0131n\u0131n neden oldu\u011fu y\u0131k\u0131m\u0131n ard\u0131ndan yaralar\u0131n\u0131 sarmaya \u00e7al\u0131\u015f\u0131yor. Ba\u015fkent Port Vila\u2019daki bir okulda \u00f6\u011frenciler ve \u00f6\u011fretmenler, kas\u0131rga nedeniyle zarar g\u00f6ren kitaplar\u0131 g\u00fcne\u015fte kurutarak kurtarmaya \u00e7al\u0131\u015f\u0131yor. Okul m\u00fcd\u00fcr\u00fc Paul Alexander Hatyay, insanlara kas\u0131rga nedeniyle zarar g\u00f6ren okullar\u0131 i\u00e7in kitap yard\u0131m\u0131 yapmalar\u0131 \u00e7a\u011fr\u0131s\u0131nda bulundu.<\/p>\n","protected":false},"author":1,"featured_media":0,"comment_status":"open","ping_status":"open","sticky":false,"template":"","format":"standard","meta":{"footnotes":""},"categories":[1],"tags":[1410],"class_list":["post-16378","post","type-post","status-publish","format-standard","hentry","category-genel","tag-uluslararasi-kutuphane-haberleri"],"_links":{"self":[{"href":"https:\/\/www.bbyhaber.com\/bby\/wp-json\/wp\/v2\/posts\/16378"}],"collection":[{"href":"https:\/\/www.bbyhaber.com\/bby\/wp-json\/wp\/v2\/posts"}],"about":[{"href":"https:\/\/www.bbyhaber.com\/bby\/wp-json\/wp\/v2\/types\/post"}],"author":[{"embeddable":true,"href":"https:\/\/www.bbyhaber.com\/bby\/wp-json\/wp\/v2\/users\/1"}],"replies":[{"embeddable":true,"href":"https:\/\/www.bbyhaber.com\/bby\/wp-json\/wp\/v2\/comments?post=16378"}],"version-history":[{"count":0,"href":"https:\/\/www.bbyhaber.com\/bby\/wp-json\/wp\/v2\/posts\/16378\/revisions"}],"wp:attachment":[{"href":"https:\/\/www.bbyhaber.com\/bby\/wp-json\/wp\/v2\/media?parent=16378"}],"wp:term":[{"taxonomy":"category","embeddable":true,"href":"https:\/\/www.bbyhaber.com\/bby\/wp-json\/wp\/v2\/categories?post=16378"},{"taxonomy":"post_tag","embeddable":true,"href":"https:\/\/www.bbyhaber.com\/bby\/wp-json\/wp\/v2\/tags?post=16378"}],"curies":[{"name":"wp","href":"https:\/\/api.w.org\/{rel}","templated":true}]}}