{"id":1637,"date":"2008-10-24T19:55:23","date_gmt":"2008-10-24T19:55:23","guid":{"rendered":"http:\/\/www.bbyhaber.com\/bby\/?p=1637"},"modified":"2019-06-20T09:37:19","modified_gmt":"2019-06-20T06:37:19","slug":"prof-dr-osman-ersoy-vefat-etti","status":"publish","type":"post","link":"https:\/\/www.bbyhaber.com\/bby\/2008\/10\/24\/prof-dr-osman-ersoy-vefat-etti","title":{"rendered":"Prof. Dr. Osman Ersoy vefat etti"},"content":{"rendered":"<p>T\u00fcrkiye&#8217;de k\u00fct\u00fcphanecili\u011fin bir meslek olarak geli\u015fmesine \u00f6nemli katk\u0131lar sa\u011flayan ve bu alanda verilmi\u015f ilk profes\u00f6rl\u00fck unvan\u0131na sahip Prof. Dr. Osman Ersoy, 85 ya\u015f\u0131nda Ankara&#8217;da hayat\u0131n\u0131 kaybetti. Prof. Dr. Ersoy i\u00e7in yar\u0131n Dil ve Tarih-Co\u011frafya Fak\u00fcltesinde t\u00f6ren d\u00fczenlenecek. T\u00f6renin ard\u0131ndan Ersoy&#8217;un cenazesi Kocatepe Cami&#8217;nde k\u0131l\u0131nacak \u00f6\u011fle namaz\u0131n\u0131n ard\u0131ndan Cebeci Asri Mezarl\u0131\u011f\u0131&#8217;nda defnedilecek.<!--more--><\/p>\n<p style=\"text-align: justify;\">Prof. Dr. Osman Ersoy, 1923 y\u0131l\u0131nda Artvin&#8217;in Ardanu\u00e7 il\u00e7esinde do\u011fdu. Ankara \u00dcniversitesi Dil ve Tarih-Co\u011frafya Fak\u00fcltesi Tarih B\u00f6l\u00fcm\u00fc&#8217;nden 1945 y\u0131l\u0131nda mezun olan Ersoy, Topkap\u0131 Saray\u0131 M\u00fczesi&#8217;nde m\u00fcze asistan\u0131 olarak g\u00f6reve ba\u015flad\u0131.<\/p>\n<p style=\"text-align: justify;\">Ankara&#8217;daki Etnografya M\u00fczesi&#8217;nde 1950 y\u0131l\u0131nda \u00e7al\u0131\u015fmaya ba\u015flayan Ersoy, Atat\u00fcrk&#8217;\u00fcn naa\u015f\u0131n\u0131n An\u0131tkabir&#8217;e nakli s\u0131ras\u0131nda Ankara Etnografya M\u00fczesi&#8217;nde tabutunun a\u00e7\u0131lmas\u0131 esnas\u0131nda m\u00fcze g\u00f6revlisi olarak haz\u0131r bulundu.<\/p>\n<p style=\"text-align: justify;\">Dil ve Tarih-Co\u011frafya Fak\u00fcltesi Tarih B\u00f6l\u00fcm\u00fc&#8217;ne asistan olarak atanan Ersoy, 1955&#8217;te yeni kurulan K\u00fct\u00fcphanecilik B\u00f6l\u00fcm\u00fc&#8217;n\u00fcn sa\u011flad\u0131\u011f\u0131 bir burstan yararlanarak Amerika&#8217;da 1 y\u0131ll\u0131k k\u00fct\u00fcphanecilik e\u011fitimi ald\u0131.<\/p>\n<p style=\"text-align: justify;\">1956 y\u0131l\u0131nda T\u00fcrkiye&#8217;ye d\u00f6nen ve Amerikal\u0131 \u00f6\u011fretim elemanlar\u0131nca y\u00f6netilen K\u00fct\u00fcphanecilik B\u00f6l\u00fcm\u00fc&#8217;n\u00fcn ilk T\u00fcrk hocas\u0131 olan Ersoy, 1958&#8217;de doktor, 1960&#8217;da do\u00e7ent, 1968 y\u0131l\u0131nda ise profes\u00f6r unvan\u0131n\u0131 ald\u0131.<\/p>\n<p style=\"text-align: justify;\">T\u00fcrk K\u00fct\u00fcphaneciler Derne\u011finin kurulu\u015funda \u00f6nemli katk\u0131lar sa\u011flayan, 1961-1964 y\u0131llar\u0131 aras\u0131nda derne\u011fin ba\u015fkanl\u0131\u011f\u0131n\u0131 yapan Ersoy, 1972-1974 y\u0131llar\u0131 aras\u0131nda Ankara \u00dcniversitesi Dil ve Tarih-Co\u011frafya Fak\u00fcltesi ve 1979-1982 y\u0131llar\u0131 aras\u0131nda da F\u0131rat \u00dcniversitesi Edebiyat Fak\u00fcltesi Dekanl\u0131\u011f\u0131 yapt\u0131. Ersoy, K\u00fct\u00fcphanecilik B\u00f6l\u00fcm\u00fc Ba\u015fkan\u0131 olarak s\u00fcrd\u00fcrd\u00fc\u011f\u00fc g\u00f6revinden 1990 y\u0131l\u0131nda emekli oldu.<\/p>\n<p style=\"text-align: justify;\">Kaynak: http:\/\/www.netgazete.com<\/p>\n","protected":false},"excerpt":{"rendered":"<p>T\u00fcrkiye&#8217;de k\u00fct\u00fcphanecili\u011fin bir meslek olarak geli\u015fmesine \u00f6nemli katk\u0131lar sa\u011flayan ve bu alanda verilmi\u015f ilk profes\u00f6rl\u00fck unvan\u0131na sahip Prof. Dr. Osman Ersoy, 85 ya\u015f\u0131nda Ankara&#8217;da hayat\u0131n\u0131 kaybetti. Prof. Dr. Ersoy i\u00e7in yar\u0131n Dil ve Tarih-Co\u011frafya Fak\u00fcltesinde t\u00f6ren d\u00fczenlenecek. T\u00f6renin ard\u0131ndan Ersoy&#8217;un cenazesi Kocatepe Cami&#8217;nde k\u0131l\u0131nacak \u00f6\u011fle namaz\u0131n\u0131n ard\u0131ndan Cebeci Asri Mezarl\u0131\u011f\u0131&#8217;nda defnedilecek.<\/p>\n","protected":false},"author":1,"featured_media":0,"comment_status":"open","ping_status":"open","sticky":false,"template":"","format":"standard","meta":{"footnotes":""},"categories":[1,1600],"tags":[824],"class_list":["post-1637","post","type-post","status-publish","format-standard","hentry","category-genel","category-prof-dr-osman-ersoy","tag-vefat-eden-meslektaslarimiz"],"_links":{"self":[{"href":"https:\/\/www.bbyhaber.com\/bby\/wp-json\/wp\/v2\/posts\/1637"}],"collection":[{"href":"https:\/\/www.bbyhaber.com\/bby\/wp-json\/wp\/v2\/posts"}],"about":[{"href":"https:\/\/www.bbyhaber.com\/bby\/wp-json\/wp\/v2\/types\/post"}],"author":[{"embeddable":true,"href":"https:\/\/www.bbyhaber.com\/bby\/wp-json\/wp\/v2\/users\/1"}],"replies":[{"embeddable":true,"href":"https:\/\/www.bbyhaber.com\/bby\/wp-json\/wp\/v2\/comments?post=1637"}],"version-history":[{"count":1,"href":"https:\/\/www.bbyhaber.com\/bby\/wp-json\/wp\/v2\/posts\/1637\/revisions"}],"predecessor-version":[{"id":26764,"href":"https:\/\/www.bbyhaber.com\/bby\/wp-json\/wp\/v2\/posts\/1637\/revisions\/26764"}],"wp:attachment":[{"href":"https:\/\/www.bbyhaber.com\/bby\/wp-json\/wp\/v2\/media?parent=1637"}],"wp:term":[{"taxonomy":"category","embeddable":true,"href":"https:\/\/www.bbyhaber.com\/bby\/wp-json\/wp\/v2\/categories?post=1637"},{"taxonomy":"post_tag","embeddable":true,"href":"https:\/\/www.bbyhaber.com\/bby\/wp-json\/wp\/v2\/tags?post=1637"}],"curies":[{"name":"wp","href":"https:\/\/api.w.org\/{rel}","templated":true}]}}