{"id":16367,"date":"2015-03-18T21:41:32","date_gmt":"2015-03-18T19:41:32","guid":{"rendered":"http:\/\/www.bbyhaber.com\/bby\/?p=16367"},"modified":"2017-09-22T10:57:48","modified_gmt":"2017-09-22T07:57:48","slug":"bilgi-sizsiniz-10-sayisi-yayinda","status":"publish","type":"post","link":"https:\/\/www.bbyhaber.com\/bby\/2015\/03\/18\/bilgi-sizsiniz-10-sayisi-yayinda","title":{"rendered":"Bilgi-Sizsiniz! 10. Say\u0131s\u0131 Yay\u0131nda!"},"content":{"rendered":"<p style=\"text-align: justify;\"><a href=\"http:\/\/www.bbyhaber.com\/bby\/wp-content\/uploads\/2015\/03\/bilgi-sizsiniz.jpg\"><img loading=\"lazy\" decoding=\"async\" class=\"size-medium wp-image-16368 alignleft\" src=\"http:\/\/www.bbyhaber.com\/bby\/wp-content\/uploads\/2015\/03\/bilgi-sizsiniz.jpg\" alt=\"\" width=\"241\" height=\"300\" \/><\/a>Ankara \u00dcniversitesi Dil ve Tarih-Co\u011frafya Fak\u00fcltesi Bilgi ve Belge Y\u00f6netimi B\u00f6l\u00fcm\u00fc Bilgi Toplulu\u011fu\u2019nun \u00e7\u0131karm\u0131\u015f oldu\u011fu Bilgi-Sizsiniz! b\u00fclteninin 10. say\u0131s\u0131 \u00e7\u0131kt\u0131. B\u00fclteni okumak i\u00e7in <span style=\"color: #0000ff;\"><strong><a href=\"http:\/\/issuu.com\/bilgitoplulugu\/docs\/bilgi_sizsiniz_10._say__\" target=\"_blank\"><span style=\"color: #0000ff;\">t\u0131klay\u0131n\u0131z<\/span><\/a><\/strong><\/span>.<\/p>\n<p style=\"text-align: justify;\">Derginin bu say\u0131s\u0131nda r\u00f6portajlar\u0131n yan\u0131 s\u0131ra \u201cBilgi ve Belge Y\u00f6netimi B\u00f6l\u00fcm\u00fc 60. Y\u0131l Sempozyumu\u201d ana temas\u0131yla olu\u015fturulan i\u00e7eri\u011fin ayr\u0131nt\u0131lar\u0131 \u015fu \u015fekilde;<\/p>\n<p style=\"text-align: justify;\"><!--more--> Prof. Dr. Say\u0131n \u00d6zer Soysal ile ger\u00e7ekle\u015ftirilen \u201cK\u00fct\u00fcphanecili\u011fi Bak\u0131\u015f\u201d ba\u015fl\u0131kl\u0131 r\u00f6portaj; b\u00f6l\u00fcm\u00fcm\u00fcz\u00fcn de\u011ferlerini ortaya koyan genel bir \u015fablonu sunmas\u0131n\u0131n yan\u0131 s\u0131ra, ge\u00e7mi\u015ften bu g\u00fcne b\u00f6l\u00fcm\u00fcm\u00fcz\u00fcn ya\u015fad\u0131\u011f\u0131 s\u00fcre\u00e7ler hakk\u0131nda \u00e7ok de\u011ferli bilgilerle huzurunuzda.<\/p>\n<p style=\"text-align: justify;\">Prof. Dr. Say\u0131n Oya G\u00fcrdal Tamdo\u011fan ile ger\u00e7ekle\u015ftirilen s\u00f6yle\u015fide ise, sadece meslek sahibi olma u\u011fruna de\u011fil, inanc\u0131n ve ideallerin pe\u015finden giderek ger\u00e7ekle\u015fen bir akademisyenlik ser\u00fcvenine, hocam\u0131z\u0131n b\u00f6l\u00fcm\u00fcm\u00fcz ve mesle\u011fimiz hakk\u0131nda g\u00f6r\u00fc\u015flerinin yan\u0131 s\u0131ra ger\u00e7ekle\u015ftirdi\u011fi projelere ve yakla\u015f\u0131k 16 y\u0131ld\u0131r b\u00fcy\u00fck bir emek ile s\u00fcrd\u00fcr\u00fclen keyifli bir ara\u015ft\u0131rma projesinin ayr\u0131nt\u0131lar\u0131na \u015fahit olacaks\u0131n\u0131z.<\/p>\n<p style=\"text-align: justify;\">Mesle\u011fimizin b\u00f6l\u00fcm ad\u0131na kurulu\u015fundan itibaren bug\u00fcne kadar olan ilerleyi\u015fini, bu zaman i\u00e7inde yap\u0131lan \u00e7al\u0131\u015fmalar\u0131, verilen ve verilmesi gereken e\u011fitim hakk\u0131nda bilgilendirmelerin aktar\u0131ld\u0131\u011f\u0131 \u201cAnkara \u00dcniversitesi Dil ve Tarih-Co\u011frafya Fak\u00fcltesi Bilgi ve Belge Y\u00f6netimi B\u00f6l\u00fcm\u00fc 60. Y\u0131l Sempozyumu\u201d hakk\u0131nda \u00f6\u011frencilerin g\u00f6r\u00fc\u015flerini yans\u0131tan yaz\u0131m\u0131zla birlikte yine sempozyumun son g\u00fcn\u00fcnde<br \/>\nger\u00e7ekle\u015ftirilen \u201cBBY \u00d6\u011frencilerinin Mesleki E\u011fitim Alg\u0131s\u0131\u201d etkinli\u011finin ayr\u0131nt\u0131lar\u0131 ve kazan\u0131mlar\u0131 ile Hattu\u015fa gezisi hakk\u0131ndaki yaz\u0131 ve 60. Y\u0131l Arma\u011fan Kitab\u0131 ile 60. Y\u0131l Alb\u00fcm\u00fc\u2019n\u00fcn tan\u0131t\u0131m\u0131 da bu b\u00f6l\u00fcmde yer al\u0131yor.<\/p>\n<p style=\"text-align: justify;\">Prof. Dr. Say\u0131n T\u00fclay Fenerci ile mesle\u011fimiz hakk\u0131nda, Say\u0131n Dr. Nevzat \u00d6zel ile Erasmus program\u0131 hakk\u0131nda genel bir de\u011ferlendirmenin aktar\u0131ld\u0131\u011f\u0131 r\u00f6portajlar\u0131n yan\u0131 s\u0131ra, Ar\u015f. G\u00f6r. Ay\u015fenur Varol ve meslek a\u015f\u0131\u011f\u0131 olarak tabir edebilece\u011fimiz s\u00fcrpriz bir ismin r\u00f6portajlar\u0131 bulunuyor.<\/p>\n<p style=\"text-align: justify;\">Bilgi Toplulu\u011fu ile ilgili ser\u00fcvenini anlatan topluluk ba\u015fkan\u0131 Gamze Y\u0131ld\u0131z ile k\u00fct\u00fcphanede k\u0131smi zamanl\u0131 \u00f6\u011frenci olman\u0131n getirilerini aktaran \u015eeyma Dolen\u2019in kaleme ald\u0131\u011f\u0131 yaz\u0131s\u0131n\u0131 ve b\u00f6l\u00fcme yeni gelen \u00f6\u011frencilerin g\u00f6r\u00fc\u015fleri de \u201cBizlerin Sesi\u201d b\u00f6l\u00fcm\u00fcnde bulunuyor.<\/p>\n<p style=\"text-align: justify;\">K\u00fct\u00fcphane temal\u0131 birer k\u0131sa film ve dizinin tan\u0131t\u0131ld\u0131\u011f\u0131 \u201cFilm\/Dizi Tan\u0131t\u0131mlar\u0131\u201d b\u00f6l\u00fcm\u00fcm\u00fcn\u00fcn yer ald\u0131\u011f\u0131 bu say\u0131n\u0131n son b\u00f6l\u00fcm\u00fcnde ise\u201cEdebiyat K\u00fcrs\u00fcs\u00fc\u201d yer al\u0131yor.<\/p>\n","protected":false},"excerpt":{"rendered":"<p>Ankara \u00dcniversitesi Dil ve Tarih-Co\u011frafya Fak\u00fcltesi Bilgi ve Belge Y\u00f6netimi B\u00f6l\u00fcm\u00fc Bilgi Toplulu\u011fu\u2019nun \u00e7\u0131karm\u0131\u015f oldu\u011fu Bilgi-Sizsiniz! b\u00fclteninin 10. say\u0131s\u0131 \u00e7\u0131kt\u0131. B\u00fclteni okumak i\u00e7in t\u0131klay\u0131n\u0131z. Derginin bu say\u0131s\u0131nda r\u00f6portajlar\u0131n yan\u0131 s\u0131ra \u201cBilgi ve Belge Y\u00f6netimi B\u00f6l\u00fcm\u00fc 60. Y\u0131l Sempozyumu\u201d ana temas\u0131yla olu\u015fturulan i\u00e7eri\u011fin ayr\u0131nt\u0131lar\u0131 \u015fu \u015fekilde;<\/p>\n","protected":false},"author":129,"featured_media":0,"comment_status":"open","ping_status":"open","sticky":false,"template":"","format":"standard","meta":{"footnotes":""},"categories":[1532,1533],"tags":[1413,705,703],"class_list":["post-16367","post","type-post","status-publish","format-standard","hentry","category-ankara-universitesi-bby-bilgi-toplulugu","category-ankara-universitesi-bilgi-toplulugu","tag-bby-bilgi-toplulugu-gruplari","tag-bilgi-toplulugu","tag-bilgi-sizsiniz"],"_links":{"self":[{"href":"https:\/\/www.bbyhaber.com\/bby\/wp-json\/wp\/v2\/posts\/16367"}],"collection":[{"href":"https:\/\/www.bbyhaber.com\/bby\/wp-json\/wp\/v2\/posts"}],"about":[{"href":"https:\/\/www.bbyhaber.com\/bby\/wp-json\/wp\/v2\/types\/post"}],"author":[{"embeddable":true,"href":"https:\/\/www.bbyhaber.com\/bby\/wp-json\/wp\/v2\/users\/129"}],"replies":[{"embeddable":true,"href":"https:\/\/www.bbyhaber.com\/bby\/wp-json\/wp\/v2\/comments?post=16367"}],"version-history":[{"count":1,"href":"https:\/\/www.bbyhaber.com\/bby\/wp-json\/wp\/v2\/posts\/16367\/revisions"}],"predecessor-version":[{"id":22655,"href":"https:\/\/www.bbyhaber.com\/bby\/wp-json\/wp\/v2\/posts\/16367\/revisions\/22655"}],"wp:attachment":[{"href":"https:\/\/www.bbyhaber.com\/bby\/wp-json\/wp\/v2\/media?parent=16367"}],"wp:term":[{"taxonomy":"category","embeddable":true,"href":"https:\/\/www.bbyhaber.com\/bby\/wp-json\/wp\/v2\/categories?post=16367"},{"taxonomy":"post_tag","embeddable":true,"href":"https:\/\/www.bbyhaber.com\/bby\/wp-json\/wp\/v2\/tags?post=16367"}],"curies":[{"name":"wp","href":"https:\/\/api.w.org\/{rel}","templated":true}]}}