{"id":16353,"date":"2015-03-17T09:54:51","date_gmt":"2015-03-17T07:54:51","guid":{"rendered":"http:\/\/www.bbyhaber.com\/bby\/?p=16353"},"modified":"2016-04-12T18:06:37","modified_gmt":"2016-04-12T15:06:37","slug":"ankos-akademi-calisma-grubu-kuruldu","status":"publish","type":"post","link":"https:\/\/www.bbyhaber.com\/bby\/2015\/03\/17\/ankos-akademi-calisma-grubu-kuruldu","title":{"rendered":"&#8220;ANKOS Akademi&#8221; \u00e7al\u0131\u015fma grubu kuruldu"},"content":{"rendered":"<p style=\"text-align: justify;\"><img loading=\"lazy\" decoding=\"async\" class=\"alignleft\" src=\"http:\/\/www.bbyhaber.com\/bby\/wp-content\/uploads\/2015\/03\/ankosakademi.jpg\" alt=\"\" width=\"286\" height=\"130\" \/>ANKOS Ba\u015fkan\u0131 Sami \u00c7UKADAR, \u201c<strong>ANKOS Akademi<\/strong>\u201d ad\u0131yla yeni bir \u00e7al\u0131\u015fma grubunun kuruldu\u011funu a\u00e7\u0131klad\u0131. Bundan 15 y\u0131l \u00f6nce, akademik k\u00fct\u00fcphanelerin elektronik kaynaklara daha uygun fiyatlarla eri\u015fimini sa\u011flamak amac\u0131yla kurulan ANKOS, aradan ge\u00e7en s\u00fcrede h\u0131zla b\u00fcy\u00fcyerek akademik k\u00fct\u00fcphanelerin ve k\u00fct\u00fcphanecilerin her alanda \u201c<strong><em>itici g\u00fcc\u00fc<\/em><\/strong>\u201d olmu\u015ftur. Y\u0131llar i\u00e7inde faaliyet alan\u0131n\u0131 yaln\u0131zca konsorsiyum aktiviteleri ile s\u0131n\u0131rlamayan ANKOS, a\u00e7\u0131k eri\u015fim, kaynak payla\u015f\u0131m\u0131, elektronik kaynak y\u00f6netimi, personel de\u011fi\u015fimi gibi uygulamalar\u0131 ve faaliyetleriyle ulusal ve uluslararas\u0131 alanda aktif bir sorumluluk \u00fcstlenmi\u015ftir.<!--more--><\/p>\n<p style=\"text-align: justify;\">Y\u00fcr\u00fct\u00fclen t\u00fcm faaliyetlerin sonucu olarak ANKOS yaln\u0131zca \u00fclkemizde akademik k\u00fct\u00fcphanecili\u011fin lider organizasyonu olmakla kalmam\u0131\u015f uluslararas\u0131 alanda da \u00f6l\u00e7e\u011fi, organizasyon yap\u0131s\u0131 ve en \u00f6nemlisi sahip oldu\u011fu bilgi birikimi ve tecr\u00fcbesi ile rol modeli olmu\u015ftur.<\/p>\n<p style=\"text-align: justify;\">ANKOS bundan sonra yeni bir alanda daha sorumluluk \u00fcstlenerek bilgi hizmetleri alan\u0131nda \u00e7al\u0131\u015fanlar\u0131n uygulamaya dayal\u0131 becerilerini artt\u0131rmak, mesleki uzmanla\u015fmay\u0131 \u00f6n plana \u00e7\u0131kartmak ve en \u00f6nemlisi yetkinliklerin hayata ge\u00e7irilmesini ama\u00e7lamaktad\u0131r.\u00a0 Bu amac\u0131 ger\u00e7ekle\u015ftirmek i\u00e7in ANKOS Y\u00f6netim Kurulu, \u201c<strong><em>ANKOS Akademi<\/em><\/strong>\u201d ad\u0131yla yeni bir \u00e7al\u0131\u015fma grubu kurulmas\u0131na karar vermi\u015ftir. Bu grubun ger\u00e7ekle\u015ftirece\u011fi s\u00fcrekli e\u011fitim programlar\u0131 sayesinde bilgi hizmetleri alan\u0131nda \u00e7al\u0131\u015fanlar\u0131n ulusal ve uluslararas\u0131 rekabet ortam\u0131nda bir ad\u0131m \u00f6ne \u00e7\u0131kabilmelerine f\u0131rsat yarat\u0131lmas\u0131 hedeflenmektedir.<\/p>\n<p style=\"text-align: justify;\"><strong><em>ANKOS Akademi <\/em><\/strong>taraf\u0131ndan 2015 y\u0131l\u0131 i\u00e7erisinde <em>A\u00e7\u0131k Eri\u015fim ve Elektronik Kaynaklar\u0131n Se\u00e7imi ve De\u011ferlendirilmesi<\/em> <em>konular\u0131nda <\/em>e\u011fitim verilmesi planlanmaktad\u0131r.<\/p>\n<p style=\"text-align: justify;\"><strong><em>ANKOS Akademi<\/em><\/strong> taraf\u0131ndan verilecek e\u011fitimlerle ilgili tarih, s\u00fcre, i\u00e7erik, teknolojik altyap\u0131 ve y\u00f6ntem ile ilgili detaylar \u00f6n\u00fcm\u00fczdeki g\u00fcnlerde duyurulacakt\u0131r.<\/p>\n<p style=\"text-align: justify;\"><em>Sami \u00c7UKADAR<\/em><br \/>\n<em>ANKOS Ba\u015fkan\u0131<\/em><\/p>\n","protected":false},"excerpt":{"rendered":"<p>ANKOS Ba\u015fkan\u0131 Sami \u00c7UKADAR, \u201cANKOS Akademi\u201d ad\u0131yla yeni bir \u00e7al\u0131\u015fma grubunun kuruldu\u011funu a\u00e7\u0131klad\u0131. Bundan 15 y\u0131l \u00f6nce, akademik k\u00fct\u00fcphanelerin elektronik kaynaklara daha uygun fiyatlarla eri\u015fimini sa\u011flamak amac\u0131yla kurulan ANKOS, aradan ge\u00e7en s\u00fcrede h\u0131zla b\u00fcy\u00fcyerek akademik k\u00fct\u00fcphanelerin ve k\u00fct\u00fcphanecilerin her alanda \u201citici g\u00fcc\u00fc\u201d olmu\u015ftur. Y\u0131llar i\u00e7inde faaliyet alan\u0131n\u0131 yaln\u0131zca konsorsiyum aktiviteleri ile s\u0131n\u0131rlamayan ANKOS, a\u00e7\u0131k eri\u015fim, [&hellip;]<\/p>\n","protected":false},"author":1,"featured_media":0,"comment_status":"open","ping_status":"open","sticky":false,"template":"","format":"standard","meta":{"footnotes":""},"categories":[1536,1537,1],"tags":[516],"class_list":["post-16353","post","type-post","status-publish","format-standard","hentry","category-ankos-akademi","category-ankoslink","category-genel","tag-ankos-aeka"],"_links":{"self":[{"href":"https:\/\/www.bbyhaber.com\/bby\/wp-json\/wp\/v2\/posts\/16353"}],"collection":[{"href":"https:\/\/www.bbyhaber.com\/bby\/wp-json\/wp\/v2\/posts"}],"about":[{"href":"https:\/\/www.bbyhaber.com\/bby\/wp-json\/wp\/v2\/types\/post"}],"author":[{"embeddable":true,"href":"https:\/\/www.bbyhaber.com\/bby\/wp-json\/wp\/v2\/users\/1"}],"replies":[{"embeddable":true,"href":"https:\/\/www.bbyhaber.com\/bby\/wp-json\/wp\/v2\/comments?post=16353"}],"version-history":[{"count":0,"href":"https:\/\/www.bbyhaber.com\/bby\/wp-json\/wp\/v2\/posts\/16353\/revisions"}],"wp:attachment":[{"href":"https:\/\/www.bbyhaber.com\/bby\/wp-json\/wp\/v2\/media?parent=16353"}],"wp:term":[{"taxonomy":"category","embeddable":true,"href":"https:\/\/www.bbyhaber.com\/bby\/wp-json\/wp\/v2\/categories?post=16353"},{"taxonomy":"post_tag","embeddable":true,"href":"https:\/\/www.bbyhaber.com\/bby\/wp-json\/wp\/v2\/tags?post=16353"}],"curies":[{"name":"wp","href":"https:\/\/api.w.org\/{rel}","templated":true}]}}