{"id":1631,"date":"2009-06-30T19:48:51","date_gmt":"2009-06-30T19:48:51","guid":{"rendered":"http:\/\/www.bbyhaber.com\/bby\/?p=1631"},"modified":"2013-03-11T09:56:57","modified_gmt":"2013-03-11T07:56:57","slug":"kutuphaneye-en-cok-karadenizliler-gidiyor","status":"publish","type":"post","link":"https:\/\/www.bbyhaber.com\/bby\/2009\/06\/30\/kutuphaneye-en-cok-karadenizliler-gidiyor","title":{"rendered":"K\u00fct\u00fcphaneye en \u00e7ok Karadenizliler gidiyor"},"content":{"rendered":"<p style=\"text-align: justify;\">T\u00fcrkiye&#8217;de b\u00fcy\u00fck kentlerde ya\u015fayanlar, Anadolu halk\u0131na oranla k\u00fct\u00fcphanelerden daha az yararlan\u0131yor.K\u00fclt\u00fcr ve Turizm Bakanl\u0131\u011f\u0131 verilerine g\u00f6re bir y\u0131l i\u00e7inde Karadeniz B\u00f6lgesi&#8217;nde 3 milyon 353 bin, Do\u011fu Anadolu&#8217;da 3 milyon 42 bin, G\u00fcneydo\u011fu Anadolu&#8217;da 2 milyon 811 bin, Ege&#8217;de 2 milyon 758 bin, \u0130\u00e7 Anadolu&#8217;da 2 milyon 633 bin, Akdeniz&#8217;de 2 milyon 393 bin, Marmara B\u00f6lgesi&#8217;nde ise 2 milyon 40 bin 697 ki\u015fi k\u00fct\u00fcphaneleri ziyaret etti. \u0130llere g\u00f6re de Konya 737 bin, Diyarbak\u0131r 657 bin, \u00c7orum 528 bin, Gaziantep 521 bin, Denizli 504 bin, Mersin 490 bin, Ankara 489 bin, Erzurum 430 bin, Ayd\u0131n 443 bin, Sivas 419 bin ziyaret\u00e7i ile ilk s\u0131ralarda yer ald\u0131. <!--more--><\/p>\n<p style=\"text-align: justify;\">Bu rakamlara g\u00f6re, 43 k\u00fct\u00fcphane ile \u0130zmir, 42 k\u00fct\u00fcphaneyle \u0130stanbul T\u00fcrkiye&#8217;nin en \u00e7ok k\u00fct\u00fcphanesine sahip olmalar\u0131na ra\u011fmen ilk 10&#8217;a giremedi. 2010 y\u0131l\u0131nda Avrupa K\u00fclt\u00fcr Ba\u015fkenti olacak \u0130stanbul, 306 bin ziyaret\u00e7i ile b\u00fcy\u00fck\u015fehirler aras\u0131nda k\u00fct\u00fcphanelerden en az yararlanan kentlerden birisi oldu. K\u00fct\u00fcphaneler ve Yay\u0131mlar Genel M\u00fcd\u00fcr\u00fc Do\u00e7. Dr. Aytekin Y\u0131lmaz, Kilis&#8217;te ise 2 k\u00fct\u00fcphane bulunmas\u0131na ra\u011fmen 85 bin ki\u015finin buralardan yararland\u0131\u011f\u0131 bilgisini verdi.<\/p>\n<p style=\"text-align: justify;\">Kaynak: http:\/\/www.zaman.com.tr<\/p>\n","protected":false},"excerpt":{"rendered":"<p>T\u00fcrkiye&#8217;de b\u00fcy\u00fck kentlerde ya\u015fayanlar, Anadolu halk\u0131na oranla k\u00fct\u00fcphanelerden daha az yararlan\u0131yor.K\u00fclt\u00fcr ve Turizm Bakanl\u0131\u011f\u0131 verilerine g\u00f6re bir y\u0131l i\u00e7inde Karadeniz B\u00f6lgesi&#8217;nde 3 milyon 353 bin, Do\u011fu Anadolu&#8217;da 3 milyon 42 bin, G\u00fcneydo\u011fu Anadolu&#8217;da 2 milyon 811 bin, Ege&#8217;de 2 milyon 758 bin, \u0130\u00e7 Anadolu&#8217;da 2 milyon 633 bin, Akdeniz&#8217;de 2 milyon 393 bin, Marmara B\u00f6lgesi&#8217;nde [&hellip;]<\/p>\n","protected":false},"author":1,"featured_media":0,"comment_status":"open","ping_status":"open","sticky":false,"template":"","format":"standard","meta":{"footnotes":""},"categories":[1],"tags":[],"class_list":["post-1631","post","type-post","status-publish","format-standard","hentry","category-genel"],"_links":{"self":[{"href":"https:\/\/www.bbyhaber.com\/bby\/wp-json\/wp\/v2\/posts\/1631"}],"collection":[{"href":"https:\/\/www.bbyhaber.com\/bby\/wp-json\/wp\/v2\/posts"}],"about":[{"href":"https:\/\/www.bbyhaber.com\/bby\/wp-json\/wp\/v2\/types\/post"}],"author":[{"embeddable":true,"href":"https:\/\/www.bbyhaber.com\/bby\/wp-json\/wp\/v2\/users\/1"}],"replies":[{"embeddable":true,"href":"https:\/\/www.bbyhaber.com\/bby\/wp-json\/wp\/v2\/comments?post=1631"}],"version-history":[{"count":0,"href":"https:\/\/www.bbyhaber.com\/bby\/wp-json\/wp\/v2\/posts\/1631\/revisions"}],"wp:attachment":[{"href":"https:\/\/www.bbyhaber.com\/bby\/wp-json\/wp\/v2\/media?parent=1631"}],"wp:term":[{"taxonomy":"category","embeddable":true,"href":"https:\/\/www.bbyhaber.com\/bby\/wp-json\/wp\/v2\/categories?post=1631"},{"taxonomy":"post_tag","embeddable":true,"href":"https:\/\/www.bbyhaber.com\/bby\/wp-json\/wp\/v2\/tags?post=1631"}],"curies":[{"name":"wp","href":"https:\/\/api.w.org\/{rel}","templated":true}]}}