{"id":16273,"date":"2015-03-06T10:08:00","date_gmt":"2015-03-06T08:08:00","guid":{"rendered":"http:\/\/www.bbyhaber.com\/bby\/?p=16273"},"modified":"2015-05-05T12:51:59","modified_gmt":"2015-05-05T09:51:59","slug":"yuksekogretimdeki-idari-ve-teknik-personelin-sesini-duymayan-kalmayacak-egitim-sen","status":"publish","type":"post","link":"https:\/\/www.bbyhaber.com\/bby\/2015\/03\/06\/yuksekogretimdeki-idari-ve-teknik-personelin-sesini-duymayan-kalmayacak-egitim-sen","title":{"rendered":"Y\u00fcksek\u00f6\u011fretimdeki \u0130dari ve Teknik Personelin Sesini Duymayan Kalmayacak!-E\u011fitim Sen"},"content":{"rendered":"<p style=\"text-align: justify;\"><strong><img loading=\"lazy\" decoding=\"async\" class=\"alignleft\" src=\"http:\/\/www.bbyhaber.com\/bby\/wp-content\/uploads\/2015\/03\/egitimsen-ekgosterge.jpg\" alt=\"\" width=\"260\" height=\"144\" \/><a href=\"http:\/\/www.egitimsen.org.tr\/\" target=\"_blank\">E\u011fitim Sen<\/a><\/strong>\u2019in <span style=\"color: #0000ff;\"><strong>4-5 Nisan<\/strong><\/span>\u2019da ger\u00e7ekle\u015ftirece\u011fi \u201c<strong>Y\u00fcksek\u00f6\u011fretimdeki \u0130dari ve Teknik Personelin Sesini Duymayan Kalmayacak!<\/strong>\u201d ba\u015fl\u0131\u011f\u0131 ile yapaca\u011f\u0131 \u00e7al\u0131\u015ftayda, \u00fczerinde durulacak olan \u00f6nemli konular\u0131n\/sorunlar\u0131n aras\u0131nda \u00a0mesle\u011fimizin \u00f6zl\u00fck haklar\u0131na y\u00f6nelik bir madde de yer almaktad\u0131r:<!--more--><\/p>\n<p style=\"text-align: justify;\">G\u00f6revde Y\u00fckselme S\u0131navlar\u0131n\u0131n Yap\u0131lmamas\u0131<\/p>\n<p style=\"text-align: justify;\">Yurt Y\u00f6netim Memurlar\u0131n\u0131n Derece-Kademe Sorunlar\u0131<\/p>\n<p style=\"text-align: justify;\">\u00d6SYM S\u0131navlar\u0131nda Keyfi G\u00f6revlendirme Yap\u0131lmas\u0131<\/p>\n<p style=\"text-align: justify;\">\u0130tibars\u0131zla\u015ft\u0131rma \/ Mobbing \/13b-4 S\u00fcrg\u00fcnleri<\/p>\n<p style=\"text-align: justify;\">Angarya ve Performans Bask\u0131s\u0131<\/p>\n<p style=\"text-align: justify;\">4\/C&#8217;li Emek\u00e7ilerin Sorunlar\u0131<\/p>\n<p style=\"text-align: justify;\">Sat\u0131n Alma G\u00fcc\u00fcm\u00fcz\u00fcn Azalmas\u0131<\/p>\n<p style=\"text-align: justify;\">Fazla Mesailer i\u00e7in KomiK \u00dccretler \u00d6denmesi<\/p>\n<p style=\"text-align: justify;\">\u0130kinci \u00d6\u011fretim Ek \u00dccretlerinin Adil Da\u011f\u0131t\u0131lmamas\u0131<\/p>\n<p style=\"text-align: justify;\">Ekonomik Kay\u0131plar\u0131m\u0131z\u0131n Artmas\u0131 ve \u00dccret U\u00e7urumlar\u0131<\/p>\n<p style=\"text-align: justify;\">&#8220;Yemek Yard\u0131m Bedeli&#8221; ile \u00c7ay ve Simit Dahi Al\u0131namamas\u0131<\/p>\n<p style=\"text-align: justify;\">Geli\u015ftirme \u00d6dene\u011finden Sadece Akademisyenlerin Yararland\u0131r\u0131lmas\u0131<\/p>\n<p style=\"text-align: justify;\">\u0130dari ve Teknik Personele \u201cY\u00fcksek\u00f6\u011fretim Tazminat\u0131\u201d Ad\u0131 Alt\u0131nda Zam Yap\u0131lmamas\u0131<\/p>\n<p style=\"text-align: justify;\"><span style=\"color: #ff0000;\"><strong>K\u00fct\u00fcphanecilerin \u00a0Ek G\u00f6sterge, \u00d6zel Hizmet Tazminat\u0131 ve Yan \u00d6deme Oranlar\u0131n\u0131n De\u011fi\u015ftirilmemesi<\/strong><\/span><\/p>\n","protected":false},"excerpt":{"rendered":"<p>E\u011fitim Sen\u2019in 4-5 Nisan\u2019da ger\u00e7ekle\u015ftirece\u011fi \u201cY\u00fcksek\u00f6\u011fretimdeki \u0130dari ve Teknik Personelin Sesini Duymayan Kalmayacak!\u201d ba\u015fl\u0131\u011f\u0131 ile yapaca\u011f\u0131 \u00e7al\u0131\u015ftayda, \u00fczerinde durulacak olan \u00f6nemli konular\u0131n\/sorunlar\u0131n aras\u0131nda \u00a0mesle\u011fimizin \u00f6zl\u00fck haklar\u0131na y\u00f6nelik bir madde de yer almaktad\u0131r:<\/p>\n","protected":false},"author":1,"featured_media":0,"comment_status":"open","ping_status":"open","sticky":false,"template":"","format":"standard","meta":{"footnotes":""},"categories":[1],"tags":[1398,728],"class_list":["post-16273","post","type-post","status-publish","format-standard","hentry","category-genel","tag-bby-ozluk-haklari","tag-egitim-sen"],"_links":{"self":[{"href":"https:\/\/www.bbyhaber.com\/bby\/wp-json\/wp\/v2\/posts\/16273"}],"collection":[{"href":"https:\/\/www.bbyhaber.com\/bby\/wp-json\/wp\/v2\/posts"}],"about":[{"href":"https:\/\/www.bbyhaber.com\/bby\/wp-json\/wp\/v2\/types\/post"}],"author":[{"embeddable":true,"href":"https:\/\/www.bbyhaber.com\/bby\/wp-json\/wp\/v2\/users\/1"}],"replies":[{"embeddable":true,"href":"https:\/\/www.bbyhaber.com\/bby\/wp-json\/wp\/v2\/comments?post=16273"}],"version-history":[{"count":0,"href":"https:\/\/www.bbyhaber.com\/bby\/wp-json\/wp\/v2\/posts\/16273\/revisions"}],"wp:attachment":[{"href":"https:\/\/www.bbyhaber.com\/bby\/wp-json\/wp\/v2\/media?parent=16273"}],"wp:term":[{"taxonomy":"category","embeddable":true,"href":"https:\/\/www.bbyhaber.com\/bby\/wp-json\/wp\/v2\/categories?post=16273"},{"taxonomy":"post_tag","embeddable":true,"href":"https:\/\/www.bbyhaber.com\/bby\/wp-json\/wp\/v2\/tags?post=16273"}],"curies":[{"name":"wp","href":"https:\/\/api.w.org\/{rel}","templated":true}]}}