{"id":16236,"date":"2015-03-04T09:08:55","date_gmt":"2015-03-04T07:08:55","guid":{"rendered":"http:\/\/www.bbyhaber.com\/bby\/?p=16236"},"modified":"2015-03-04T13:17:58","modified_gmt":"2015-03-04T11:17:58","slug":"osmanli-donemi-basin-arsivi","status":"publish","type":"post","link":"https:\/\/www.bbyhaber.com\/bby\/2015\/03\/04\/osmanli-donemi-basin-arsivi","title":{"rendered":"Osmanl\u0131 D\u00f6nemi Bas\u0131n Ar\u015fivi"},"content":{"rendered":"<p style=\"text-align: justify;\"><a href=\"http:\/\/www.bbyhaber.com\/bby\/wp-content\/uploads\/2015\/03\/osmanli-donemi-basin-arsivi.jpg\"><img loading=\"lazy\" decoding=\"async\" class=\"alignleft\" src=\"http:\/\/www.bbyhaber.com\/bby\/wp-content\/uploads\/2015\/03\/osmanli-donemi-basin-arsivi.jpg\" alt=\"\" width=\"293\" height=\"133\" \/><\/a>\u0130BB K\u00fclt\u00fcr ve Sosyal \u0130\u015fler Daire ba\u015fkanl\u0131\u011f\u0131 K\u00fct\u00fcphane ve M\u00fczeler M\u00fcd\u00fcrl\u00fc\u011f\u00fcnce haz\u0131rlanan ve \u0130stanbul Kalk\u0131nma Ajans\u0131 taraf\u0131ndan 2014 y\u0131l\u0131 Yenilik\u00e7i \u0130stanbul Mali Destek Program\u0131 kapsam\u0131nda hibe deste\u011fine hak kazanan YEN-89 kodlu \u201c<strong>Osmanl\u0131 D\u00f6nemi S\u00fcreli Yay\u0131nlar\u0131n Say\u0131salla\u015ft\u0131r\u0131lmas\u0131<\/strong>\u201d projesi Atat\u00fcrk Kitapl\u0131\u011f\u0131\u2019nda ba\u015flad\u0131. K\u00fct\u00fcphane koleksiyonlar\u0131nda bulunan ve 1828-1928 y\u0131llar\u0131 aras\u0131ndaki s\u00fcreli yay\u0131nlar\u0131 kapsayan proje ile bahsi gecen tarihi gazete ve dergiler y\u00fcksek \u00e7\u00f6z\u00fcn\u00fcrl\u00fckl\u00fc taray\u0131c\u0131lar ile taran\u0131p say\u0131 bazl\u0131 olarak kataloglanacakt\u0131r. <!--more--><\/p>\n<p style=\"text-align: justify;\">K\u00fct\u00fcphane otomasyon program\u0131 \u00fczerinde linklendirilecek g\u00f6r\u00fcnt\u00fc ve katalog bilgileri sayesinde olu\u015facak olan <strong>Osmanl\u0131 D\u00f6nemi Bas\u0131n Ar\u015fivi veri taban\u0131<\/strong> k\u00fct\u00fcphane web sitesi \u00fczerinden t\u00fcm ara\u015ft\u0131rmac\u0131lar\u0131n hizmetine sunulacakt\u0131r.<\/p>\n<p style=\"text-align: justify;\">\u0130lgili projede \u00e7al\u0131\u015fan personelimizin tamam\u0131na yak\u0131n\u0131 \u00dcniversitelerin Bilgi ve Belge Y\u00f6netimi b\u00f6l\u00fcmlerinden mezun, Osmanl\u0131ca okuma ve yazma bilgisine sahiptir.<\/p>\n<p style=\"text-align: justify;\">Proje kapsam\u0131nda 1.500.000 sayfa s\u00fcreli yay\u0131n (gazete\/dergi) dijital ortama aktar\u0131lacak olup, bu yay\u0131nlara ba\u011fl\u0131 150.000 adet say\u0131 katalog k\u00fcnyesi de \u00e7\u0131kar\u0131lacakt\u0131r.<\/p>\n<p style=\"text-align: justify;\">Kaynak:http:\/\/ataturkkitapligi.ibb.gov.tr\/<\/p>\n","protected":false},"excerpt":{"rendered":"<p>\u0130BB K\u00fclt\u00fcr ve Sosyal \u0130\u015fler Daire ba\u015fkanl\u0131\u011f\u0131 K\u00fct\u00fcphane ve M\u00fczeler M\u00fcd\u00fcrl\u00fc\u011f\u00fcnce haz\u0131rlanan ve \u0130stanbul Kalk\u0131nma Ajans\u0131 taraf\u0131ndan 2014 y\u0131l\u0131 Yenilik\u00e7i \u0130stanbul Mali Destek Program\u0131 kapsam\u0131nda hibe deste\u011fine hak kazanan YEN-89 kodlu \u201cOsmanl\u0131 D\u00f6nemi S\u00fcreli Yay\u0131nlar\u0131n Say\u0131salla\u015ft\u0131r\u0131lmas\u0131\u201d projesi Atat\u00fcrk Kitapl\u0131\u011f\u0131\u2019nda ba\u015flad\u0131. K\u00fct\u00fcphane koleksiyonlar\u0131nda bulunan ve 1828-1928 y\u0131llar\u0131 aras\u0131ndaki s\u00fcreli yay\u0131nlar\u0131 kapsayan proje ile bahsi gecen tarihi [&hellip;]<\/p>\n","protected":false},"author":1,"featured_media":0,"comment_status":"open","ping_status":"open","sticky":false,"template":"","format":"standard","meta":{"footnotes":""},"categories":[1558,1479,1],"tags":[1096,515],"class_list":["post-16236","post","type-post","status-publish","format-standard","hentry","category-dijital-arsivleme","category-dijital-kopyalama","category-genel","tag-arsivcilik","tag-yordam"],"_links":{"self":[{"href":"https:\/\/www.bbyhaber.com\/bby\/wp-json\/wp\/v2\/posts\/16236"}],"collection":[{"href":"https:\/\/www.bbyhaber.com\/bby\/wp-json\/wp\/v2\/posts"}],"about":[{"href":"https:\/\/www.bbyhaber.com\/bby\/wp-json\/wp\/v2\/types\/post"}],"author":[{"embeddable":true,"href":"https:\/\/www.bbyhaber.com\/bby\/wp-json\/wp\/v2\/users\/1"}],"replies":[{"embeddable":true,"href":"https:\/\/www.bbyhaber.com\/bby\/wp-json\/wp\/v2\/comments?post=16236"}],"version-history":[{"count":0,"href":"https:\/\/www.bbyhaber.com\/bby\/wp-json\/wp\/v2\/posts\/16236\/revisions"}],"wp:attachment":[{"href":"https:\/\/www.bbyhaber.com\/bby\/wp-json\/wp\/v2\/media?parent=16236"}],"wp:term":[{"taxonomy":"category","embeddable":true,"href":"https:\/\/www.bbyhaber.com\/bby\/wp-json\/wp\/v2\/categories?post=16236"},{"taxonomy":"post_tag","embeddable":true,"href":"https:\/\/www.bbyhaber.com\/bby\/wp-json\/wp\/v2\/tags?post=16236"}],"curies":[{"name":"wp","href":"https:\/\/api.w.org\/{rel}","templated":true}]}}