{"id":16233,"date":"2015-03-04T09:01:46","date_gmt":"2015-03-04T07:01:46","guid":{"rendered":"http:\/\/www.bbyhaber.com\/bby\/?p=16233"},"modified":"2015-03-04T09:12:26","modified_gmt":"2015-03-04T07:12:26","slug":"konya-il-halk-kutuphanesinde-sinav-kuyrugu","status":"publish","type":"post","link":"https:\/\/www.bbyhaber.com\/bby\/2015\/03\/04\/konya-il-halk-kutuphanesinde-sinav-kuyrugu","title":{"rendered":"Konya \u0130l Halk K\u00fct\u00fcphanesi&#8217;nde s\u0131nav kuyru\u011fu"},"content":{"rendered":"<p style=\"text-align: justify;\">S\u0131navlara haz\u0131rlanan \u00f6\u011frenciler yer bulabilmek ve k\u00fct\u00fcphane ortam\u0131ndan faydalanabilmek i\u00e7in sabah\u0131n erken saatlerinde <strong>Konya \u0130l Halk K\u00fct\u00fcphanesi<\/strong> \u00f6n\u00fcnde s\u0131ra olu\u015fturuyor.<!--more--><\/p>\n<p><a href=\"http:\/\/www.bbyhaber.com\/bby\/wp-content\/uploads\/2015\/03\/konya-il-halk-kuyruk1.jpg\"><img loading=\"lazy\" decoding=\"async\" class=\"alignnone\" src=\"http:\/\/www.bbyhaber.com\/bby\/wp-content\/uploads\/2015\/03\/konya-il-halk-kuyruk1.jpg\" alt=\"\" width=\"100\" height=\"100\" \/><\/a> <a href=\"http:\/\/www.bbyhaber.com\/bby\/wp-content\/uploads\/2015\/03\/konya-il-halk-kuyruk2.jpg\"><img loading=\"lazy\" decoding=\"async\" class=\"alignnone\" src=\"http:\/\/www.bbyhaber.com\/bby\/wp-content\/uploads\/2015\/03\/konya-il-halk-kuyruk2.jpg\" alt=\"\" width=\"100\" height=\"100\" \/><\/a> <a href=\"http:\/\/www.bbyhaber.com\/bby\/wp-content\/uploads\/2015\/03\/konya-il-halk-kuyruk3.jpg\"><img loading=\"lazy\" decoding=\"async\" class=\"alignnone\" src=\"http:\/\/www.bbyhaber.com\/bby\/wp-content\/uploads\/2015\/03\/konya-il-halk-kuyruk3.jpg\" alt=\"\" width=\"100\" height=\"100\" \/><\/a><\/p>\n<p>Kaynak:<a href=\"https:\/\/www.facebook.com\/konyakutuphanesi\" target=\"_blank\">https:\/\/www.facebook.com\/konyakutuphanesi<\/a><\/p>\n<p><span style=\"color: #0000ff;\"><strong>Umar\u0131z bir g\u00fcn s\u0131navlar haricinde de t\u00fcm k\u00fct\u00fcphanelerimiz dolup ta\u015far!!!<\/strong><\/span><\/p>\n","protected":false},"excerpt":{"rendered":"<p>S\u0131navlara haz\u0131rlanan \u00f6\u011frenciler yer bulabilmek ve k\u00fct\u00fcphane ortam\u0131ndan faydalanabilmek i\u00e7in sabah\u0131n erken saatlerinde Konya \u0130l Halk K\u00fct\u00fcphanesi \u00f6n\u00fcnde s\u0131ra olu\u015fturuyor.<\/p>\n","protected":false},"author":1,"featured_media":0,"comment_status":"open","ping_status":"open","sticky":false,"template":"","format":"standard","meta":{"footnotes":""},"categories":[1],"tags":[],"class_list":["post-16233","post","type-post","status-publish","format-standard","hentry","category-genel"],"_links":{"self":[{"href":"https:\/\/www.bbyhaber.com\/bby\/wp-json\/wp\/v2\/posts\/16233"}],"collection":[{"href":"https:\/\/www.bbyhaber.com\/bby\/wp-json\/wp\/v2\/posts"}],"about":[{"href":"https:\/\/www.bbyhaber.com\/bby\/wp-json\/wp\/v2\/types\/post"}],"author":[{"embeddable":true,"href":"https:\/\/www.bbyhaber.com\/bby\/wp-json\/wp\/v2\/users\/1"}],"replies":[{"embeddable":true,"href":"https:\/\/www.bbyhaber.com\/bby\/wp-json\/wp\/v2\/comments?post=16233"}],"version-history":[{"count":0,"href":"https:\/\/www.bbyhaber.com\/bby\/wp-json\/wp\/v2\/posts\/16233\/revisions"}],"wp:attachment":[{"href":"https:\/\/www.bbyhaber.com\/bby\/wp-json\/wp\/v2\/media?parent=16233"}],"wp:term":[{"taxonomy":"category","embeddable":true,"href":"https:\/\/www.bbyhaber.com\/bby\/wp-json\/wp\/v2\/categories?post=16233"},{"taxonomy":"post_tag","embeddable":true,"href":"https:\/\/www.bbyhaber.com\/bby\/wp-json\/wp\/v2\/tags?post=16233"}],"curies":[{"name":"wp","href":"https:\/\/api.w.org\/{rel}","templated":true}]}}