{"id":16230,"date":"2015-03-03T14:37:18","date_gmt":"2015-03-03T12:37:18","guid":{"rendered":"http:\/\/www.bbyhaber.com\/bby\/?p=16230"},"modified":"2015-05-07T16:20:05","modified_gmt":"2015-05-07T13:20:05","slug":"kutuphanede-selfie-cekin","status":"publish","type":"post","link":"https:\/\/www.bbyhaber.com\/bby\/2015\/03\/03\/kutuphanede-selfie-cekin","title":{"rendered":"#K\u00fct\u00fcphanede Selfie \u00c7ekin"},"content":{"rendered":"<p style=\"text-align: justify;\"><img loading=\"lazy\" decoding=\"async\" class=\"alignleft\" src=\"http:\/\/www.bbyhaber.com\/bby\/wp-content\/uploads\/2015\/03\/kutuphane-selfie-th.jpg\" alt=\"\" width=\"218\" height=\"117\" \/>K\u00fct\u00fcphane haftas\u0131 yakla\u015f\u0131rken, \u00f6zellikle gen\u00e7 okuyucular\u0131m\u0131z\u0131 hedef ald\u0131\u011f\u0131m\u0131z ve kesinlikle sizlerin de\u011ferli destekleriyle b\u00fcy\u00fcyece\u011fini d\u00fc\u015f\u00fcnd\u00fc\u011f\u00fcm\u00fcz bir yar\u0131\u015fmam\u0131z var. Aziz Durak\u2019\u0131n projesinin sadece bir aya\u011f\u0131 olan, \u201cK\u00fct\u00fcphane\u2019de Selfie \u00c7ekin\u201d slogan\u0131yla ama\u00e7lanan, mevcut ve potansiyel okuyucu kitlesine ula\u015fmay\u0131 , okuyucular\u0131n k\u00fct\u00fcphanelerin varl\u0131\u011f\u0131 ve faydalar\u0131 konular\u0131nda dikkatlerini \u00e7ekmeyi ve toplumsal fark\u0131ndal\u0131k yaratmakt\u0131r. \u00c7al\u0131\u015fman\u0131n i\u00e7eri\u011fini a\u015fa\u011f\u0131daki metinde ve daha alt\u0131ndaki ilgili linkte bulabilirsiniz.<!--more--><\/p>\n<p style=\"text-align: justify;\"><strong><span style=\"color: #0000ff;\"><a href=\"https:\/\/twitter.com\/search?q=%23K%C3%BCt%C3%BCphanede&amp;src=typd\" target=\"_blank\"><span style=\"color: #0000ff;\">#K\u00fct\u00fcphanede<\/span><\/a><\/span> Selfie Check in !<\/strong><\/p>\n<p style=\"text-align: justify;\">30 Mart-05 Nisan 2015 tarihleri aras\u0131nda kutlanacak olan<strong> 51. K\u00fct\u00fcphane Haftas\u0131<\/strong> kapsam\u0131nda sizleri sosyal medyada ba\u015flatt\u0131\u011f\u0131m\u0131z yar\u0131\u015fmaya davet ediyoruz.<\/p>\n<p style=\"text-align: justify;\"><span style=\"color: #0000ff;\"><a href=\"https:\/\/twitter.com\/search?q=%23K%C3%BCt%C3%BCphanedeyim&amp;src=typd\" target=\"_blank\"><span style=\"color: #0000ff;\">#K\u00fct\u00fcphanedeyim<\/span><\/a><\/span> etiketini kullanarak, kendinizi k\u00fct\u00fcphanede etiketleyin, sevdi\u011finiz kitapla selfienizi (\u00f6z\u00e7ekiminizi) \u00e7ekin, k\u00fct\u00fcphane ortam\u0131n\u0131z\u0131 g\u00f6r\u00fcnt\u00fcleyin, yarat\u0131c\u0131l\u0131\u011f\u0131n\u0131z\u0131 konu\u015fturun, yar\u0131\u015fmaya siz de kat\u0131l\u0131n!<\/p>\n<p style=\"text-align: justify;\"><strong>16 Mart 2015 tarihine kadar<\/strong><br \/>\n<a href=\"https:\/\/facebook.com\/groups\/tkdankara\"> https:\/\/facebook.com\/groups\/<wbr>tkdankara<br \/>\n<\/wbr><\/a><\/p>\n<p><a href=\"https:\/\/twitter.com\/TKDAnkaraSubesi\">https:\/\/twitter.com\/<wbr>TKDAnkaraSubesi<\/wbr><\/a><\/p>\n<p><a href=\"mailto:bilgi@tkdankara.org\">bilgi@tkdankara.org<br \/>\n<\/a> adresleri \u00fczerinden <span style=\"color: #0000ff;\"><a href=\"https:\/\/twitter.com\/search?q=%23K%C3%BCt%C3%BCphanedeyim&amp;src=typd\" target=\"_blank\"><span style=\"color: #0000ff;\">#K\u00fct\u00fcphanedeyim<\/span><\/a><\/span> hashtag\u2019iyle payla\u015f\u0131n. S\u00fcrpriz hediyeleri kazan\u0131n!<\/p>\n<p style=\"text-align: justify;\">\u00a0<a href=\"http:\/\/www.bbyhaber.com\/bby\/wp-content\/uploads\/2015\/03\/kutuphane-selfie.jpg\"><img loading=\"lazy\" decoding=\"async\" class=\"alignnone\" src=\"http:\/\/www.bbyhaber.com\/bby\/wp-content\/uploads\/2015\/03\/kutuphane-selfie.jpg\" alt=\"\" width=\"150\" height=\"150\" \/><\/a><\/p>\n","protected":false},"excerpt":{"rendered":"<p>K\u00fct\u00fcphane haftas\u0131 yakla\u015f\u0131rken, \u00f6zellikle gen\u00e7 okuyucular\u0131m\u0131z\u0131 hedef ald\u0131\u011f\u0131m\u0131z ve kesinlikle sizlerin de\u011ferli destekleriyle b\u00fcy\u00fcyece\u011fini d\u00fc\u015f\u00fcnd\u00fc\u011f\u00fcm\u00fcz bir yar\u0131\u015fmam\u0131z var. Aziz Durak\u2019\u0131n projesinin sadece bir aya\u011f\u0131 olan, \u201cK\u00fct\u00fcphane\u2019de Selfie \u00c7ekin\u201d slogan\u0131yla ama\u00e7lanan, mevcut ve potansiyel okuyucu kitlesine ula\u015fmay\u0131 , okuyucular\u0131n k\u00fct\u00fcphanelerin varl\u0131\u011f\u0131 ve faydalar\u0131 konular\u0131nda dikkatlerini \u00e7ekmeyi ve toplumsal fark\u0131ndal\u0131k yaratmakt\u0131r. \u00c7al\u0131\u015fman\u0131n i\u00e7eri\u011fini a\u015fa\u011f\u0131daki metinde ve daha [&hellip;]<\/p>\n","protected":false},"author":1,"featured_media":0,"comment_status":"open","ping_status":"open","sticky":false,"template":"","format":"standard","meta":{"footnotes":""},"categories":[1522],"tags":[691,1421,692],"class_list":["post-16230","post","type-post","status-publish","format-standard","hentry","category-51-kutuphane-haftasi","tag-kutuphanede-selfie","tag-tkd-ankara","tag-tkd-ankara-subesi"],"_links":{"self":[{"href":"https:\/\/www.bbyhaber.com\/bby\/wp-json\/wp\/v2\/posts\/16230"}],"collection":[{"href":"https:\/\/www.bbyhaber.com\/bby\/wp-json\/wp\/v2\/posts"}],"about":[{"href":"https:\/\/www.bbyhaber.com\/bby\/wp-json\/wp\/v2\/types\/post"}],"author":[{"embeddable":true,"href":"https:\/\/www.bbyhaber.com\/bby\/wp-json\/wp\/v2\/users\/1"}],"replies":[{"embeddable":true,"href":"https:\/\/www.bbyhaber.com\/bby\/wp-json\/wp\/v2\/comments?post=16230"}],"version-history":[{"count":0,"href":"https:\/\/www.bbyhaber.com\/bby\/wp-json\/wp\/v2\/posts\/16230\/revisions"}],"wp:attachment":[{"href":"https:\/\/www.bbyhaber.com\/bby\/wp-json\/wp\/v2\/media?parent=16230"}],"wp:term":[{"taxonomy":"category","embeddable":true,"href":"https:\/\/www.bbyhaber.com\/bby\/wp-json\/wp\/v2\/categories?post=16230"},{"taxonomy":"post_tag","embeddable":true,"href":"https:\/\/www.bbyhaber.com\/bby\/wp-json\/wp\/v2\/tags?post=16230"}],"curies":[{"name":"wp","href":"https:\/\/api.w.org\/{rel}","templated":true}]}}