{"id":1623,"date":"2009-08-12T19:40:35","date_gmt":"2009-08-12T19:40:35","guid":{"rendered":"http:\/\/www.bbyhaber.com\/bby\/?p=1623"},"modified":"2012-03-24T15:15:43","modified_gmt":"2012-03-24T15:15:43","slug":"prof-dr-jale-baysali-kaybettik","status":"publish","type":"post","link":"https:\/\/www.bbyhaber.com\/bby\/2009\/08\/12\/prof-dr-jale-baysali-kaybettik","title":{"rendered":"Prof. Dr. Jale Baysal&#8217;\u0131 kaybettik."},"content":{"rendered":"<p style=\"text-align: justify;\">T\u00fcrkiye&#8217;de k\u00fct\u00fcphanecili\u011fi yerle\u015ftiren ilk isimlerden biri olan Prof. Dr. Jale Baysal ya\u015fam\u0131n\u0131 yitirdi. 84 ya\u015f\u0131nda olan ve Alzheimer hastal\u0131\u011f\u0131yla m\u00fccadele eden Baysal, yar\u0131n (per\u015fembe) \u00f6\u011fle namaz\u0131n\u0131n ard\u0131ndan \u015ei\u015fli Camisi&#8217;nden u\u011furlanacak. Baysal, \u0130stanbul \u00dcniversitesi K\u00fct\u00fcphanecilik B\u00f6l\u00fcm\u00fcn\u00fcn ilk doktora \u00f6\u011frencilerinden biriydi ve akademik kariyerine bu b\u00f6l\u00fcmde devam etti. 1974-1994 aras\u0131nda b\u00f6l\u00fcm ba\u015fkanl\u0131\u011f\u0131n\u0131 y\u00fcr\u00fctt\u00fc. 1963&#8217;te Almanya&#8217;dan davet edilen Prof.Dr. Rudolf Juchhoff&#8217;un kurdu\u011fu b\u00f6l\u00fcm Ankara \u00dcniversitesi&#8217;nin ard\u0131ndan T\u00fcrkiye&#8217;de ikinciydi. Juchhoff&#8217;la birlikte b\u00f6l\u00fcm\u00fcn kurulu\u015funda Meral \u015een\u00f6z Alpay ve Jale baysal vard\u0131. Baysal, \u0130stanbul&#8217;da bulunan Kad\u0131n Eserleri K\u00fct\u00fcphanesi&#8217;nin ve Tarih Vakf\u0131&#8217;n\u0131n da kurucu \u00fcyelerindendi.<!--more--><\/p>\n<p style=\"text-align: justify;\">Hasan Kesero\u011flu&#8217;nun yapt\u0131\u011f\u0131 s\u00f6yle\u015filerden olu\u015fan &#8220;Ak\u0131l ve Y\u00fcrek Bir Cumhuriyet Kad\u0131n\u0131n\u0131n Tan\u0131kl\u0131\u011f\u0131 Jale Baysal ile S\u00f6yle\u015fi&#8221; ba\u015fl\u0131kl\u0131 kitapta Baysal&#8217;\u0131n ya\u015fam\u0131yla ilgili detayl\u0131 bilgiler yer al\u0131yor. Baysal&#8217;\u0131n \u00e7al\u0131\u015ft\u0131\u011f\u0131 alan \u00fczerine K\u00fct\u00fcphaneciler Derne\u011fi&#8217;nce bas\u0131lm\u0131\u015f kitaplar\u0131 bulunuyor. Ayr\u0131ca \u00c7a\u011fda\u015f Ya\u015fam\u0131 Destekleme Derne\u011fi&#8217;nce bas\u0131lm\u0131\u015f &#8220;\u00c7a\u011fda\u015f Toplumun De\u011ferleri&#8221;, matbaay\u0131 Osmanl\u0131 \u0130mparatorlu\u011fu&#8217;na getiren \u0130brahim M\u00fcteferrika \u00fczerine yazd\u0131\u011f\u0131 &#8220;Cennetlik \u0130brahim Efendi Ba\u015fl\u0131kl\u0131&#8221; bir oyunu ve &#8220;Okuldan D\u00f6nerken&#8221; adl\u0131 \u00e7ocuk kitab\u0131 da yay\u0131nland\u0131.<\/p>\n<p style=\"text-align: justify;\">Yazar Tar\u0131k Bu\u011fra&#8217;n\u0131n e\u015fi, Prof. Dr. Ay\u015fe Bu\u011fra&#8217;n\u0131n da annesi olan Baysal, \u00c7YDD&#8217;de de g\u00f6rev alm\u0131\u015ft\u0131 ve derne\u011fin \u00fcyesiydi. Bu y\u0131l hayat\u0131n\u0131 kaybeden dernek ba\u015fkan\u0131 T\u00fcrkan Saylan&#8217;a yazd\u0131\u011f\u0131 bir mektupta Baysal \u015f\u00f6yle diyordu:<\/p>\n<p style=\"text-align: justify;\">&#8220;Mina Urgan Bir Dinazorun An\u0131lar\u0131 adl\u0131 kitab\u0131nda benden &#8216;Ger\u00e7ek bir kitapl\u0131k uzman\u0131 oldu\u011fu i\u00e7in, her \u015feyi bilen dostum Prof. Dr. Jale Baysal&#8217; olarak s\u00f6z ediyor. (&#8230;) Kayseri&#8217;de do\u011fdum. Kayseri Lisesi bir erkek lisesiydi. Atat\u00fcrk&#8217;ten sonra k\u0131z \u00f6\u011frencileri de almaya ba\u015flad\u0131lar. E\u011fer bu uygulama olmasayd\u0131 ilkokuldan sonra okuyamazd\u0131m. \u0130zmir&#8217;de, \u0130stanbul&#8217;da k\u0131z liseleri vard\u0131 ama ailemin beni oralara g\u00f6nderecek g\u00fcc\u00fc yoktu. Bat\u0131 m\u00fczi\u011fini tan\u0131ma konusunda da Atat\u00fcrk&#8217;e \u00e7ok bor\u00e7luyum. Daha da \u00e7ok \u015fey s\u00f6ylenebilir.&#8221;<\/p>\n<p style=\"text-align: justify;\">Kaynak: http:\/\/bianet.org<\/p>\n","protected":false},"excerpt":{"rendered":"<p>T\u00fcrkiye&#8217;de k\u00fct\u00fcphanecili\u011fi yerle\u015ftiren ilk isimlerden biri olan Prof. Dr. Jale Baysal ya\u015fam\u0131n\u0131 yitirdi. 84 ya\u015f\u0131nda olan ve Alzheimer hastal\u0131\u011f\u0131yla m\u00fccadele eden Baysal, yar\u0131n (per\u015fembe) \u00f6\u011fle namaz\u0131n\u0131n ard\u0131ndan \u015ei\u015fli Camisi&#8217;nden u\u011furlanacak. Baysal, \u0130stanbul \u00dcniversitesi K\u00fct\u00fcphanecilik B\u00f6l\u00fcm\u00fcn\u00fcn ilk doktora \u00f6\u011frencilerinden biriydi ve akademik kariyerine bu b\u00f6l\u00fcmde devam etti. 1974-1994 aras\u0131nda b\u00f6l\u00fcm ba\u015fkanl\u0131\u011f\u0131n\u0131 y\u00fcr\u00fctt\u00fc. 1963&#8217;te Almanya&#8217;dan davet edilen [&hellip;]<\/p>\n","protected":false},"author":1,"featured_media":0,"comment_status":"open","ping_status":"open","sticky":false,"template":"","format":"standard","meta":{"footnotes":""},"categories":[1],"tags":[188],"class_list":["post-1623","post","type-post","status-publish","format-standard","hentry","category-genel","tag-prof-dr-jale-baysal"],"_links":{"self":[{"href":"https:\/\/www.bbyhaber.com\/bby\/wp-json\/wp\/v2\/posts\/1623"}],"collection":[{"href":"https:\/\/www.bbyhaber.com\/bby\/wp-json\/wp\/v2\/posts"}],"about":[{"href":"https:\/\/www.bbyhaber.com\/bby\/wp-json\/wp\/v2\/types\/post"}],"author":[{"embeddable":true,"href":"https:\/\/www.bbyhaber.com\/bby\/wp-json\/wp\/v2\/users\/1"}],"replies":[{"embeddable":true,"href":"https:\/\/www.bbyhaber.com\/bby\/wp-json\/wp\/v2\/comments?post=1623"}],"version-history":[{"count":0,"href":"https:\/\/www.bbyhaber.com\/bby\/wp-json\/wp\/v2\/posts\/1623\/revisions"}],"wp:attachment":[{"href":"https:\/\/www.bbyhaber.com\/bby\/wp-json\/wp\/v2\/media?parent=1623"}],"wp:term":[{"taxonomy":"category","embeddable":true,"href":"https:\/\/www.bbyhaber.com\/bby\/wp-json\/wp\/v2\/categories?post=1623"},{"taxonomy":"post_tag","embeddable":true,"href":"https:\/\/www.bbyhaber.com\/bby\/wp-json\/wp\/v2\/tags?post=1623"}],"curies":[{"name":"wp","href":"https:\/\/api.w.org\/{rel}","templated":true}]}}