{"id":16222,"date":"2015-03-02T09:34:53","date_gmt":"2015-03-02T07:34:53","guid":{"rendered":"http:\/\/www.bbyhaber.com\/bby\/?p=16222"},"modified":"2015-03-02T09:36:36","modified_gmt":"2015-03-02T07:36:36","slug":"kutuphane-olmasa-ben-olmazdim-kutuphaneciler-kadim-dostunu-yitirdi","status":"publish","type":"post","link":"https:\/\/www.bbyhaber.com\/bby\/2015\/03\/02\/kutuphane-olmasa-ben-olmazdim-kutuphaneciler-kadim-dostunu-yitirdi","title":{"rendered":"K\u00fct\u00fcphane olmasa ben olmazd\u0131m-K\u00fct\u00fcphaneciler kadim dostunu yitirdi"},"content":{"rendered":"<p style=\"text-align: justify;\"><img loading=\"lazy\" decoding=\"async\" class=\"alignleft\" src=\"http:\/\/www.bbyhaber.com\/bby\/wp-content\/uploads\/2015\/03\/yasarkemal-kaybettik.jpg\" alt=\"\" width=\"284\" height=\"169\" \/>T\u00fcrk Edebiyat\u0131n\u0131n ulu \u00e7\u0131nar\u0131, yazar <strong>Ya\u015far Kemal<\/strong> uzun s\u00fcredir yo\u011fun bak\u0131mda ya\u015fama tutunmaya \u00e7al\u0131\u015f\u0131yordu. T\u00fcrk Edebiyat\u0131n\u0131n gururu bilge yazar\u0131m\u0131z\u0131 TKD olarak yatt\u0131\u011f\u0131 hastanede ziyaret ederek hastane kap\u0131s\u0131nda yazara yak\u0131\u015f\u0131r \u015fekilde onun &#8220;kitaplar\u0131n\u0131 okuyarak&#8221; ge\u00e7mi\u015f olsun dedik, \u201c\u0130nce Memed\u201d den selam g\u00f6nderdik. K\u00fct\u00fcphanecilerin kadim dostu <strong>Ya\u015far Kemal 28 \u015eubat 2015<\/strong> tarihinde ya\u015fama veda etti. \u0130nsanl\u0131\u011f\u0131, mutlulu\u011fu ve bar\u0131\u015f i\u00e7in yazan bir ozan\u0131, bir yazar\u0131, Homeros&#8217;umuzu, bilge ki\u015fimiz Ya\u015far Kemal&#8217;i kaybettik.<!--more--><\/p>\n<p style=\"text-align: justify;\"><strong>K\u00fct\u00fcphanecilerin boynu iki kere b\u00fck\u00fck<\/strong><\/p>\n<p style=\"text-align: justify;\">Ya\u015far Kemal yazar kimli\u011finden \u00f6nce k\u00fct\u00fcphanecilerin meslekta\u015f\u0131d\u0131r. Uzun bir s\u00fcre, k\u00fct\u00fcphanede yazm\u0131\u015f, okumu\u015f, k\u00fct\u00fcphanede ya\u015fam\u0131\u015f bir bilgemizdir. Adana&#8217;da Ramazano\u011flu Kitapl\u0131\u011f\u0131&#8217;n\u0131n k\u00fct\u00fcphanecisi, T\u00fcrkiye&#8217;nin en eski k\u00fct\u00fcphanecilerindendir.<\/p>\n<p style=\"text-align: justify;\">K\u00fct\u00fcphaneden beslenen, kendisinin yazarl\u0131k okulu olarak k\u00fct\u00fcphaneyi referans veren, yeri geldi\u011finde t\u00fcm al\u00e7ak g\u00f6n\u00fcll\u00fckle;<\/p>\n<p style=\"text-align: justify;\">&#8220;O k\u00fct\u00fcphane olmasa ben olmazd\u0131m&#8221; diyebilmi\u015ftir.<\/p>\n<p style=\"text-align: justify;\">Meslekta\u015f\u0131m\u0131z Ya\u015far Kemal&#8217;i sayg\u0131yla ve \u00f6zlemle an\u0131yoruz.<\/p>\n<p style=\"text-align: justify;\">Ailesinin, sevenlerinin, okurlar\u0131n\u0131, k\u00fct\u00fcphanecilerin, edebiyat d\u00fcnyam\u0131z\u0131n, \u00fclkemizin ba\u015f\u0131 sa\u011f olsun.<\/p>\n<p style=\"text-align: justify;\">Bug\u00fcn saat 14.00&#8217;de, \u0130stanbul&#8217;da Te\u015fvikiye Camii&#8217;nde ger\u00e7ekle\u015fecek cenaze t\u00f6renine, yazar\u0131m\u0131z\u0131 ebediyete u\u011furlamaya, t\u00fcm meslekta\u015flar\u0131m\u0131z\u0131 \u00e7a\u011f\u0131r\u0131yoruz.<\/p>\n<p style=\"text-align: justify;\">Ayr\u0131ca t\u00fcm meslekta\u015flar\u0131m\u0131zdan k\u00fct\u00fcphanelerinin en g\u00f6r\u00fcn\u00fcr yerinde Ya\u015far Kemal&#8217;in bir foto\u011fraf\u0131 e\u015fli\u011finde &#8220;YA\u015eAR KEMAL ANI-SAYGI K\u00d6\u015eES\u0130&#8221; olu\u015fturmalar\u0131n\u0131, yazar\u0131n kitaplar\u0131n\u0131 \u00f6zel bir alanda sergilemelerini, okurlar\u0131n &#8220;yazar i\u00e7in d\u00fc\u015f\u00fcncelerini yazmalar\u0131 i\u00e7in ANI-SAYGI DEFTER\u0130&#8221; a\u00e7malar\u0131n\u0131 rica ediyoruz.<\/p>\n<p style=\"text-align: justify;\">(An\u0131-Sayg\u0131 defterlerini Ya\u015far Kemal&#8217;in ailesine iletece\u011fiz.)<\/p>\n<p style=\"text-align: justify;\">Sayg\u0131lar\u0131m\u0131zla,<br \/>\n<strong><em>TKD Genel Ba\u015fkan\u0131<\/em><\/strong><br \/>\n<strong><em> Ali Fuat Kartal<\/em><\/strong><\/p>\n","protected":false},"excerpt":{"rendered":"<p>T\u00fcrk Edebiyat\u0131n\u0131n ulu \u00e7\u0131nar\u0131, yazar Ya\u015far Kemal uzun s\u00fcredir yo\u011fun bak\u0131mda ya\u015fama tutunmaya \u00e7al\u0131\u015f\u0131yordu. T\u00fcrk Edebiyat\u0131n\u0131n gururu bilge yazar\u0131m\u0131z\u0131 TKD olarak yatt\u0131\u011f\u0131 hastanede ziyaret ederek hastane kap\u0131s\u0131nda yazara yak\u0131\u015f\u0131r \u015fekilde onun &#8220;kitaplar\u0131n\u0131 okuyarak&#8221; ge\u00e7mi\u015f olsun dedik, \u201c\u0130nce Memed\u201d den selam g\u00f6nderdik. K\u00fct\u00fcphanecilerin kadim dostu Ya\u015far Kemal 28 \u015eubat 2015 tarihinde ya\u015fama veda etti. \u0130nsanl\u0131\u011f\u0131, mutlulu\u011fu [&hellip;]<\/p>\n","protected":false},"author":1,"featured_media":0,"comment_status":"open","ping_status":"open","sticky":false,"template":"","format":"standard","meta":{"footnotes":""},"categories":[1],"tags":[667],"class_list":["post-16222","post","type-post","status-publish","format-standard","hentry","category-genel","tag-yasar-kemal"],"_links":{"self":[{"href":"https:\/\/www.bbyhaber.com\/bby\/wp-json\/wp\/v2\/posts\/16222"}],"collection":[{"href":"https:\/\/www.bbyhaber.com\/bby\/wp-json\/wp\/v2\/posts"}],"about":[{"href":"https:\/\/www.bbyhaber.com\/bby\/wp-json\/wp\/v2\/types\/post"}],"author":[{"embeddable":true,"href":"https:\/\/www.bbyhaber.com\/bby\/wp-json\/wp\/v2\/users\/1"}],"replies":[{"embeddable":true,"href":"https:\/\/www.bbyhaber.com\/bby\/wp-json\/wp\/v2\/comments?post=16222"}],"version-history":[{"count":0,"href":"https:\/\/www.bbyhaber.com\/bby\/wp-json\/wp\/v2\/posts\/16222\/revisions"}],"wp:attachment":[{"href":"https:\/\/www.bbyhaber.com\/bby\/wp-json\/wp\/v2\/media?parent=16222"}],"wp:term":[{"taxonomy":"category","embeddable":true,"href":"https:\/\/www.bbyhaber.com\/bby\/wp-json\/wp\/v2\/categories?post=16222"},{"taxonomy":"post_tag","embeddable":true,"href":"https:\/\/www.bbyhaber.com\/bby\/wp-json\/wp\/v2\/tags?post=16222"}],"curies":[{"name":"wp","href":"https:\/\/api.w.org\/{rel}","templated":true}]}}