{"id":16219,"date":"2015-02-27T16:26:39","date_gmt":"2015-02-27T14:26:39","guid":{"rendered":"http:\/\/www.bbyhaber.com\/bby\/?p=16219"},"modified":"2015-02-27T16:26:39","modified_gmt":"2015-02-27T14:26:39","slug":"kutuphanecilik-teknolojik-gelismelerin-olumsuz-etkileyecegi-bir-meslek-degildir","status":"publish","type":"post","link":"https:\/\/www.bbyhaber.com\/bby\/2015\/02\/27\/kutuphanecilik-teknolojik-gelismelerin-olumsuz-etkileyecegi-bir-meslek-degildir","title":{"rendered":"K\u00fct\u00fcphanecilik teknolojik geli\u015fmelerin olumsuz etkileyece\u011fi bir meslek de\u011fildir"},"content":{"rendered":"<p style=\"text-align: justify;\"><img loading=\"lazy\" decoding=\"async\" class=\"alignleft\" src=\"http:\/\/www.bbyhaber.com\/bby\/wp-content\/uploads\/2015\/02\/iu-merkez-kutuphanesi.jpg\" alt=\"\" width=\"127\" height=\"117\" \/>\u0130stanbul \u00dcniversitesi Merkez K\u00fct\u00fcphanesi bir haber sitesinde yay\u0131nlanan anket sonu\u00e7lar\u0131n\u0131 de\u011ferlendirdi ve <strong>teknolojik geli\u015fmelerin k\u00fct\u00fcphanecili\u011fi olumsuz etkileyece\u011fini belirten bir ara\u015ft\u0131rmaya kat\u0131lmad\u0131\u011f\u0131n\u0131 ifade etmi\u015ftir<\/strong>. Facebook sayfas\u0131 \u00fczerinden al\u0131nan bilgiler \u015f\u00f6yledir: &#8220;G\u00fcndelik hayatta \u00e7ok s\u0131k duyars\u0131n\u0131z, e-kitap \u00e7\u0131kt\u0131 art\u0131k k\u00fct\u00fcphanelere insanlar gitmez s\u00f6zlerini. Bizler bu s\u00f6zleri s\u00f6yleyenlerin k\u00fct\u00fcphane k\u00fclt\u00fcr\u00fcne yeteri kadar sahip olmad\u0131\u011f\u0131na inanmaktay\u0131z.<!--more--> Bu hipotezin do\u011frulu\u011funu ara\u015ft\u0131rmak ba\u015fka bir payla\u015f\u0131m\u0131n konusu olsa da, <span style=\"color: #3366ff;\"><a href=\"http:\/\/ekonomi.haberturk.com\/is-yasam\/haber\/1047242-bu-mesleklerin-gelecegi-tehdit-altinda\" target=\"_blank\"><span style=\"color: #3366ff;\">\u0130ngiltere&#8217;de bir firman\u0131n yapt\u0131\u011f\u0131 ara\u015ft\u0131rmada<\/span><\/a><\/span>, k\u00fct\u00fcphanecilik teknolojik geli\u015fmelerin olumsuz etkileyece\u011fi meslekler aras\u0131nda g\u00f6sterilmekte. Bize kal\u0131rsa durum tam tersi, teknolojik geli\u015fmeler (kaynaklar\u0131n say\u0131salla\u015ft\u0131r\u0131lmas\u0131, fizik\u00ee de\u011fil sanal mekanlarda hizmet sunulmaya ba\u015flanmas\u0131 vb.) k\u00fct\u00fcphanecili\u011fe \u00f6nemli de\u011fi\u015fiklikler getirecek fakat bu de\u011fi\u015fiklikler mesle\u011fi olumsuz y\u00f6nde de\u011fil olumlu y\u00f6nde etkileyecek. Nas\u0131l m\u0131?<\/p>\n<p style=\"text-align: justify;\"><strong>Kaynaklar\u0131n dijitalle\u015fmesi, format\u0131n\u0131n de\u011fi\u015fmesi k\u00fct\u00fcphanecilik hizmetlerini ortadan kald\u0131rmayacak,<\/strong> bu hizmetler yine devam edecek sadece bi\u00e7imi de\u011fi\u015fecektir. Belki, fizik\u00ee mekanlar yerini sanal mekanlara b\u0131rakacak fakat kaynaklar\u0131n kullan\u0131c\u0131ya haz\u0131rlanmas\u0131, terminolojide bilgiye eri\u015fim olarak adland\u0131rd\u0131\u011f\u0131m\u0131z olgu ayn\u0131 \u015fekilde devam edecektir. Bas\u0131l\u0131 bir kitab\u0131 kullan\u0131c\u0131ya eri\u015ftiren de k\u00fct\u00fcphanecilerdir, elektronik bir kitab\u0131 da kullan\u0131c\u0131ya eri\u015ftiren, ortam\u0131 \u00f6nemli olsun olmas\u0131n onu ara\u015ft\u0131rmac\u0131lara sunan yine k\u00fct\u00fcphaneciler olacakt\u0131r.<\/p>\n<p style=\"text-align: justify;\">\u015eu an i\u00e7in g\u00fcnde ka\u00e7 ki\u015finin bir k\u00fct\u00fcphaneye geldi\u011fi k\u00fct\u00fcphaneler i\u00e7in bir de\u011ferlendirme \u00f6l\u00e7\u00fct\u00fc olabilir. Fakat 20-30 y\u0131l sonra de\u011ferlendirme \u00f6l\u00e7\u00fct\u00fcn\u00fcn bir k\u00fct\u00fcphanenin Web sitesinin ka\u00e7 defa t\u0131kland\u0131\u011f\u0131, Web sitesindeki kaynaklara ka\u00e7 defa eri\u015fildi\u011finin olabilece\u011fini ifade etmek m\u00fcmk\u00fcnd\u00fcr. G\u00f6r\u00fcn\u00fcrde olmasa da, arka planda k\u00fct\u00fcphanecilerin yapt\u0131\u011f\u0131 i\u015flemler devam edecek, teknolojik geli\u015fmelerin neticesinde de\u011ferlendirilen kaynaklar ve yap\u0131lan i\u015flerin ortam\u0131 de\u011fi\u015fecektir.<\/p>\n<p style=\"text-align: justify;\">Teknolojinin geli\u015fmesiyle birlikte kurumlarda olu\u015fan verilerin artt\u0131\u011f\u0131 g\u00f6r\u00fclmektedir. Bu verilerin y\u00f6netimi noktas\u0131nda Bilgi ve Belge Y\u00f6netimi (BBY) e\u011fitimi alm\u0131\u015f insanlara \u00f6nemli g\u00f6revler d\u00fc\u015fecektir. Teknolojik geli\u015fmelerin neticesinde veri k\u00fct\u00fcphanecisi kavram\u0131n\u0131n ortaya \u00e7\u0131kmas\u0131, teknolojik geli\u015fmelerin k\u00fct\u00fcphanecili\u011fi olumsuz de\u011fil olumlu etkiledi\u011finin de bir g\u00f6stergesi olmaktad\u0131r.&#8221;<\/p>\n<p>Kaynak: <a href=\"https:\/\/www.facebook.com\/iukutuphane\" target=\"_blank\">https:\/\/www.facebook.com\/iukutuphane<\/a><\/p>\n","protected":false},"excerpt":{"rendered":"<p>\u0130stanbul \u00dcniversitesi Merkez K\u00fct\u00fcphanesi bir haber sitesinde yay\u0131nlanan anket sonu\u00e7lar\u0131n\u0131 de\u011ferlendirdi ve teknolojik geli\u015fmelerin k\u00fct\u00fcphanecili\u011fi olumsuz etkileyece\u011fini belirten bir ara\u015ft\u0131rmaya kat\u0131lmad\u0131\u011f\u0131n\u0131 ifade etmi\u015ftir. Facebook sayfas\u0131 \u00fczerinden al\u0131nan bilgiler \u015f\u00f6yledir: &#8220;G\u00fcndelik hayatta \u00e7ok s\u0131k duyars\u0131n\u0131z, e-kitap \u00e7\u0131kt\u0131 art\u0131k k\u00fct\u00fcphanelere insanlar gitmez s\u00f6zlerini. Bizler bu s\u00f6zleri s\u00f6yleyenlerin k\u00fct\u00fcphane k\u00fclt\u00fcr\u00fcne yeteri kadar sahip olmad\u0131\u011f\u0131na inanmaktay\u0131z.<\/p>\n","protected":false},"author":1,"featured_media":0,"comment_status":"open","ping_status":"open","sticky":false,"template":"","format":"standard","meta":{"footnotes":""},"categories":[1559,1],"tags":[1437],"class_list":["post-16219","post","type-post","status-publish","format-standard","hentry","category-dijital-kutuphane","category-genel","tag-univ-arastirma-kutuphaneleri"],"_links":{"self":[{"href":"https:\/\/www.bbyhaber.com\/bby\/wp-json\/wp\/v2\/posts\/16219"}],"collection":[{"href":"https:\/\/www.bbyhaber.com\/bby\/wp-json\/wp\/v2\/posts"}],"about":[{"href":"https:\/\/www.bbyhaber.com\/bby\/wp-json\/wp\/v2\/types\/post"}],"author":[{"embeddable":true,"href":"https:\/\/www.bbyhaber.com\/bby\/wp-json\/wp\/v2\/users\/1"}],"replies":[{"embeddable":true,"href":"https:\/\/www.bbyhaber.com\/bby\/wp-json\/wp\/v2\/comments?post=16219"}],"version-history":[{"count":0,"href":"https:\/\/www.bbyhaber.com\/bby\/wp-json\/wp\/v2\/posts\/16219\/revisions"}],"wp:attachment":[{"href":"https:\/\/www.bbyhaber.com\/bby\/wp-json\/wp\/v2\/media?parent=16219"}],"wp:term":[{"taxonomy":"category","embeddable":true,"href":"https:\/\/www.bbyhaber.com\/bby\/wp-json\/wp\/v2\/categories?post=16219"},{"taxonomy":"post_tag","embeddable":true,"href":"https:\/\/www.bbyhaber.com\/bby\/wp-json\/wp\/v2\/tags?post=16219"}],"curies":[{"name":"wp","href":"https:\/\/api.w.org\/{rel}","templated":true}]}}