{"id":16211,"date":"2015-02-27T10:09:35","date_gmt":"2015-02-27T08:09:35","guid":{"rendered":"http:\/\/www.bbyhaber.com\/bby\/?p=16211"},"modified":"2015-03-12T13:03:45","modified_gmt":"2015-03-12T11:03:45","slug":"egitimciler-ve-kutuphaneciler-7-mart%e2%80%99ta-edebiyatin-ustalariyla-bulusuyor","status":"publish","type":"post","link":"https:\/\/www.bbyhaber.com\/bby\/2015\/02\/27\/egitimciler-ve-kutuphaneciler-7-mart%e2%80%99ta-edebiyatin-ustalariyla-bulusuyor","title":{"rendered":"E\u011fitimciler ve k\u00fct\u00fcphaneciler 7 Mart\u2019ta edebiyat\u0131n ustalar\u0131yla bulu\u015fuyor"},"content":{"rendered":"<p style=\"text-align: justify;\">G\u00fcn\u0131\u015f\u0131\u011f\u0131 Kitapl\u0131\u011f\u0131\u00a0taraf\u0131ndan her y\u0131l \u00f6\u011fretmenler, <strong>k\u00fct\u00fcphaneciler<\/strong> ve e\u011fitimcilere y\u00f6nelik olarak d\u00fczenlenen <strong>E\u011fitimde Edebiyat Semineri, 7 Mart\u2019ta FMV I\u015f\u0131k Ortaokulu<\/strong>\u2019nda ger\u00e7ekle\u015fecek.\u00a0Selim \u0130leri,\u00a0Cevat \u00c7apan,\u00a0Mavisel Yener\u00a0ve\u00a0Semih G\u00fcm\u00fc\u015f\u00a0gibi edebiyat\u0131n \u00f6nemli isimlerinin konu\u015fmac\u0131 oldu\u011fu tamg\u00fcnl\u00fck \u00fccretsiz seminerde, yarat\u0131c\u0131 okuma uygulamalar\u0131 da kat\u0131l\u0131mc\u0131larla payla\u015f\u0131lacak.<!--more--><\/p>\n<p style=\"text-align: justify;\">\u015eair, \u00e7evirmen, edebiyat profes\u00f6r\u00fc\u00a0<strong>Cevat \u00c7apan<\/strong>, e\u011fitimle edebiyat ili\u015fkisine y\u00f6nelik deneyimlerini; \u00e7ocuk ve gen\u00e7lik edebiyat\u0131 yazar\u0131\u00a0<strong>Mavisel Yener<\/strong>, \u00f6\u011frencilik y\u0131llar\u0131ndan yazarl\u0131\u011f\u0131na uzanan edebiyat yolculu\u011funu; e\u011fitim y\u00f6neticisi, \u015fair\u00a0<strong>Cahit \u00d6kmen<\/strong>, \u00f6\u011frencilerin d\u00fc\u015f ve d\u00fc\u015f\u00fcnme g\u00fcc\u00fcn\u00fc yok etmeden, ilgilerinin edebiyata nas\u0131l y\u00f6nlendirilece\u011fine ili\u015fkin deneyimlerini aktaracak. \u00d6d\u00fcll\u00fc \u201cK\u00f6pr\u00fc Kitaplar\u201d koleksiyonunu edebiyat\u0131m\u0131za kazand\u0131ran iki deneyimli edit\u00f6r\u00a0<strong>Semih G\u00fcm\u00fc\u015f<\/strong>\u00a0ve\u00a0<strong>M\u00fcren Beykan<\/strong>, bir yazar\u0131 ve yap\u0131tlar\u0131n\u0131 tan\u0131maya, incelemeye ili\u015fkin ipu\u00e7lar\u0131n\u0131 payla\u015facaklar. \u00c7a\u011fda\u015f edebiyat\u0131m\u0131z\u0131n en \u00f6nemli temsilcilerinden\u00a0<strong>Selim \u0130leri<\/strong>, seminerin kapan\u0131\u015f konu\u015fmas\u0131nda; benzersiz birikiminden s\u00fczd\u00fc\u011f\u00fc etkileyici \u00f6yk\u00fclerini anlatacak.<\/p>\n<p style=\"text-align: justify;\">Seminerde ayr\u0131ca, \u00f6\u011frencileriyle yarat\u0131c\u0131 okuma uygulamalar\u0131 ger\u00e7ekle\u015ftiren \u00f6\u011fretmenler, izledikleri y\u00f6ntemleri ve kazan\u0131mlar\u0131n\u0131 meslekta\u015flar\u0131na aktaracak.<\/p>\n<p style=\"text-align: justify;\">De\u011fi\u015fik illerden gelen 300\u2019den fazla e\u011fitimcinin kat\u0131laca\u011f\u0131 seminer i\u00e7in Bak\u0131rk\u00f6y ve Be\u015fikta\u015f\u2019tan servisler kald\u0131r\u0131lacak.<\/p>\n<p style=\"text-align: justify;\"><strong>Program<\/strong><\/p>\n<p style=\"text-align: justify;\">08.30<strong>\u00a0\u00a0 \u00a0<\/strong>Kay\u0131t ve ikram<br \/>\n09.30 \u00a0 \u00a0A\u00e7\u0131l\u0131\u015f<br \/>\n09.40 \u00a0\u00a0<strong>Cevat \u00c7apan<\/strong><\/p>\n<p style=\"text-align: justify;\">Edebiyat, \u015eiir ve E\u011fitim\u2026<br \/>\n10.25 \u00a0\u00a0<strong>Yarat\u0131c\u0131 Okuma Uygulamalar\u0131<\/strong><\/p>\n<p style=\"text-align: justify;\"><strong>Zeynep Y\u00fcr\u00fcker<\/strong>, \u0130smail Tarman Ortaokulu<\/p>\n<p style=\"text-align: justify;\">Okuldan Eve Bir Okuma Ser\u00fcveni:\u00a0<em>\u015eimugula<\/em><\/p>\n<p style=\"text-align: justify;\"><strong>\u00d6zlem \u00d6zg\u00fcr<\/strong>, FMV I\u015f\u0131k Ortaokulu<\/p>\n<p style=\"text-align: justify;\">Bir\u00a0<em>Yalanc\u0131 \u015eahit<\/em>\u00a0\u00c7a\u011fr\u0131s\u0131: \u00c7ocuklar Masumdur!<br \/>\n11.10 \u00a0 \u00a0Kahve molas\u0131<br \/>\n11.30 \u00a0\u00a0<strong>Yarat\u0131c\u0131 Okuma Uygulamalar\u0131<\/strong><\/p>\n<p style=\"text-align: justify;\"><strong>G\u00fclfem \u00c7etinta\u015f<\/strong>, \u00d6zel MEF Ulus \u0130lkokulu<\/p>\n<p style=\"text-align: justify;\"><em>Sakl\u0131 Miras<\/em>\u2019ta Gizli \u015eifreler<\/p>\n<p style=\"text-align: justify;\"><strong>Zeynep Terzio\u011flu<\/strong>, Bursa Nil\u00fcfer Bld. K\u00fct\u00fcphaneleri<\/p>\n<p style=\"text-align: justify;\">Liselerle Yak\u0131n Okuma At\u00f6lyesi<\/p>\n<p style=\"text-align: justify;\">12.15 \u00a0\u00a0<strong>Semih G\u00fcm\u00fc\u015f, M\u00fcren Beykan<\/strong><\/p>\n<p style=\"text-align: justify;\">Yazarlar\u0131 ve Kitaplar\u0131n\u0131 Okumak, Okutmak<br \/>\n13.15 \u00a0 \u00a0\u00d6\u011fle yeme\u011fi<\/p>\n<p style=\"text-align: justify;\">14.15 \u00a0\u00a0<strong>Mavisel Yener\u00a0\u00a0<\/strong><\/p>\n<p style=\"text-align: justify;\">Bir Edebiyat Yolculu\u011fu<\/p>\n<p style=\"text-align: justify;\">14.55\u00a0\u00a0\u00a0<strong>Cahit \u00d6kmen<\/strong><\/p>\n<p style=\"text-align: justify;\">Ortaokul ve Lisede Edebiyata Heveslendirmek<\/p>\n<p style=\"text-align: justify;\">15.35 \u00a0\u00a0<strong>Selim \u0130leri<\/strong><\/p>\n<p style=\"text-align: justify;\">Edebiyat\u0131 Sevdiren \u00d6\u011fretmenlerim<strong><br \/>\n<\/strong><\/p>\n<p style=\"text-align: justify;\"><strong>Kay\u0131t\u00a0\u00a0\u00a0\u00a0\u00a0\u00a0\u00a0\u00a0\u00a0\u00a0\u00a0\u00a0\u00a0<\/strong><\/p>\n<p style=\"text-align: justify;\"><strong>E\u00a0<\/strong>seminer@gunisigikitapligi.com \u2022\u00a0<strong>T<\/strong>\u00a00212 212 99 73 \u2022 F 0212 217 91 74 \u2022\u00a0<strong>\u0130leti\u015fim<\/strong>\u00a0Merve \u00d6zcan<strong><br \/>\n<\/strong><\/p>\n<p style=\"text-align: justify;\"><strong>Seminer Yeri<\/strong><\/p>\n<p style=\"text-align: justify;\">FMV I\u015f\u0131k Ortaokulu<\/p>\n<p style=\"text-align: justify;\">Te\u015fvikiye Cad. No:6 Ni\u015fanta\u015f\u0131- \u0130stanbul \u2022 www.fmvisikokullari.k12.tr<strong><br \/>\n<\/strong><\/p>\n<p style=\"text-align: justify;\"><strong>Servisler<\/strong><\/p>\n<p style=\"text-align: justify;\">Okula ula\u015f\u0131m i\u00e7in a\u015fa\u011f\u0131da belirtilen noktalardan \u00fccretsiz servis sa\u011flanacakt\u0131r.<\/p>\n<p style=\"text-align: justify;\"><strong>Bak\u0131rk\u00f6y<\/strong>\u00a0\u0130ncirli metrob\u00fcs dura\u011f\u0131\u00a0\u00a0\u00a0\u00a0\u00a0 08:00<\/p>\n<p style=\"text-align: justify;\"><strong>Be\u015fikta\u015f<\/strong>\u00a0\u00dcsk\u00fcdar motor iskelesi\u00a0\u00a0\u00a0\u00a0\u00a0\u00a0 08:30<\/p>\n<p style=\"text-align: justify;\"><a href=\"http:\/\/gunisigikitapligi.com\/projeler\/egitimde-edebiyat-seminerleri\/8-egitimde-edebiyat-semineri\/\" target=\"_blank\"><strong><span style=\"color: #0000ff;\">KAYIT<\/span><\/strong><\/a><\/p>\n<p style=\"text-align: justify;\">Kaynak:www.edebiyathaber.net<\/p>\n","protected":false},"excerpt":{"rendered":"<p>G\u00fcn\u0131\u015f\u0131\u011f\u0131 Kitapl\u0131\u011f\u0131\u00a0taraf\u0131ndan her y\u0131l \u00f6\u011fretmenler, k\u00fct\u00fcphaneciler ve e\u011fitimcilere y\u00f6nelik olarak d\u00fczenlenen E\u011fitimde Edebiyat Semineri, 7 Mart\u2019ta FMV I\u015f\u0131k Ortaokulu\u2019nda ger\u00e7ekle\u015fecek.\u00a0Selim \u0130leri,\u00a0Cevat \u00c7apan,\u00a0Mavisel Yener\u00a0ve\u00a0Semih G\u00fcm\u00fc\u015f\u00a0gibi edebiyat\u0131n \u00f6nemli isimlerinin konu\u015fmac\u0131 oldu\u011fu tamg\u00fcnl\u00fck \u00fccretsiz seminerde, yarat\u0131c\u0131 okuma uygulamalar\u0131 da kat\u0131l\u0131mc\u0131larla payla\u015f\u0131lacak.<\/p>\n","protected":false},"author":1,"featured_media":0,"comment_status":"open","ping_status":"open","sticky":false,"template":"","format":"standard","meta":{"footnotes":""},"categories":[1],"tags":[],"class_list":["post-16211","post","type-post","status-publish","format-standard","hentry","category-genel"],"_links":{"self":[{"href":"https:\/\/www.bbyhaber.com\/bby\/wp-json\/wp\/v2\/posts\/16211"}],"collection":[{"href":"https:\/\/www.bbyhaber.com\/bby\/wp-json\/wp\/v2\/posts"}],"about":[{"href":"https:\/\/www.bbyhaber.com\/bby\/wp-json\/wp\/v2\/types\/post"}],"author":[{"embeddable":true,"href":"https:\/\/www.bbyhaber.com\/bby\/wp-json\/wp\/v2\/users\/1"}],"replies":[{"embeddable":true,"href":"https:\/\/www.bbyhaber.com\/bby\/wp-json\/wp\/v2\/comments?post=16211"}],"version-history":[{"count":0,"href":"https:\/\/www.bbyhaber.com\/bby\/wp-json\/wp\/v2\/posts\/16211\/revisions"}],"wp:attachment":[{"href":"https:\/\/www.bbyhaber.com\/bby\/wp-json\/wp\/v2\/media?parent=16211"}],"wp:term":[{"taxonomy":"category","embeddable":true,"href":"https:\/\/www.bbyhaber.com\/bby\/wp-json\/wp\/v2\/categories?post=16211"},{"taxonomy":"post_tag","embeddable":true,"href":"https:\/\/www.bbyhaber.com\/bby\/wp-json\/wp\/v2\/tags?post=16211"}],"curies":[{"name":"wp","href":"https:\/\/api.w.org\/{rel}","templated":true}]}}