{"id":1621,"date":"2009-09-03T19:39:42","date_gmt":"2009-09-03T19:39:42","guid":{"rendered":"http:\/\/www.bbyhaber.com\/bby\/?p=1621"},"modified":"2012-09-07T13:12:05","modified_gmt":"2012-09-07T10:12:05","slug":"universite-kutuphaneleri-halka-aciliyor","status":"publish","type":"post","link":"https:\/\/www.bbyhaber.com\/bby\/2009\/09\/03\/universite-kutuphaneleri-halka-aciliyor","title":{"rendered":"\u00dcniversite k\u00fct\u00fcphaneleri halka a\u00e7\u0131l\u0131yor"},"content":{"rendered":"<p>Devlet \u00fcniversiteleri ile Bakanl\u0131\u011fa ba\u011fl\u0131 il halk k\u00fct\u00fcphaneleri aras\u0131nda i\u015f birli\u011fi ba\u015fl\u0131yor.\u00dclkemizde halk k\u00fct\u00fcphanelerinin imkanlar\u0131 olduk\u00e7a s\u0131n\u0131rl\u0131. \u00dcniversite k\u00fct\u00fcphaneleri gibi bilgi kaynaklar\u0131na eri\u015fim imkanlar\u0131 h\u0131zl\u0131 de\u011fil. Bu sebeple her iki k\u00fct\u00fcphane aras\u0131nda i\u015fbirli\u011fi yap\u0131lmas\u0131 planlan\u0131yor.<!--more--><\/p>\n<p>K\u00fclt\u00fcr ve Turizm Bakanl\u0131\u011f\u0131, devlet \u00fcniversiteleri ile Bakanl\u0131\u011fa ba\u011fl\u0131 il halk k\u00fct\u00fcphaneleri aras\u0131nda i\u015f birli\u011fi ba\u015flatacak.K\u00fclt\u00fcr ve Turizm Bakanl\u0131\u011f\u0131`ndan yap\u0131lan a\u00e7\u0131klamaya g\u00f6re, halk k\u00fct\u00fcphanelerinin tek ba\u015flar\u0131na t\u00fcm bilgi kaynaklar\u0131na eri\u015fim imkan\u0131 sunamamas\u0131 sebebiyle, \u00fcniversite k\u00fct\u00fcphaneleri ile Bakanl\u0131\u011fa ba\u011fl\u0131 il halk k\u00fct\u00fcphaneleri aras\u0131nda i\u015fbirli\u011fi sa\u011flanmas\u0131 amac\u0131yla proje ba\u015flat\u0131ld\u0131.<\/p>\n<p>Proje \u00f6ncelikle derleme k\u00fct\u00fcphanesi olmayan illerdeki devlet projeyle, halk ve \u00fcniversite k\u00fct\u00fcphaneleri aras\u0131ndaki i\u015f birli\u011finin geli\u015ftirilerek yayg\u0131nla\u015ft\u0131r\u0131lmas\u0131 ile bilgiye eri\u015fimin art\u0131r\u0131lmas\u0131 sa\u011flanacak. Ara\u015ft\u0131rmac\u0131 niteli\u011findeki halk k\u00fct\u00fcphanesi \u00fcyelerinin \u00fcniversite k\u00fct\u00fcphanelerinden yararlanmas\u0131 da sa\u011flan\u0131rken, proje ile \u00fcniversitelere bakanl\u0131\u011f\u0131n yay\u0131nlar\u0131 \u00fccretsiz g\u00f6nderilecek, ara\u015ft\u0131rmac\u0131lar, halk k\u00fct\u00fcphanesi koleksiyonlar\u0131nda bulunmayan kaynaklara eri\u015febilecek ve \u00fcniversite k\u00fct\u00fcphanelerinin m\u00fcracaat ve \u00f6d\u00fcn\u00e7 verme hizmetlerinden yararlanabilecek.<\/p>\n<p>Kaynak:http:\/\/www.tumgazeteler.com\/<\/p>\n","protected":false},"excerpt":{"rendered":"<p>Devlet \u00fcniversiteleri ile Bakanl\u0131\u011fa ba\u011fl\u0131 il halk k\u00fct\u00fcphaneleri aras\u0131nda i\u015f birli\u011fi ba\u015fl\u0131yor.\u00dclkemizde halk k\u00fct\u00fcphanelerinin imkanlar\u0131 olduk\u00e7a s\u0131n\u0131rl\u0131. \u00dcniversite k\u00fct\u00fcphaneleri gibi bilgi kaynaklar\u0131na eri\u015fim imkanlar\u0131 h\u0131zl\u0131 de\u011fil. Bu sebeple her iki k\u00fct\u00fcphane aras\u0131nda i\u015fbirli\u011fi yap\u0131lmas\u0131 planlan\u0131yor.<\/p>\n","protected":false},"author":1,"featured_media":0,"comment_status":"open","ping_status":"open","sticky":false,"template":"","format":"standard","meta":{"footnotes":""},"categories":[],"tags":[1437],"class_list":["post-1621","post","type-post","status-publish","format-standard","hentry","tag-univ-arastirma-kutuphaneleri"],"_links":{"self":[{"href":"https:\/\/www.bbyhaber.com\/bby\/wp-json\/wp\/v2\/posts\/1621"}],"collection":[{"href":"https:\/\/www.bbyhaber.com\/bby\/wp-json\/wp\/v2\/posts"}],"about":[{"href":"https:\/\/www.bbyhaber.com\/bby\/wp-json\/wp\/v2\/types\/post"}],"author":[{"embeddable":true,"href":"https:\/\/www.bbyhaber.com\/bby\/wp-json\/wp\/v2\/users\/1"}],"replies":[{"embeddable":true,"href":"https:\/\/www.bbyhaber.com\/bby\/wp-json\/wp\/v2\/comments?post=1621"}],"version-history":[{"count":0,"href":"https:\/\/www.bbyhaber.com\/bby\/wp-json\/wp\/v2\/posts\/1621\/revisions"}],"wp:attachment":[{"href":"https:\/\/www.bbyhaber.com\/bby\/wp-json\/wp\/v2\/media?parent=1621"}],"wp:term":[{"taxonomy":"category","embeddable":true,"href":"https:\/\/www.bbyhaber.com\/bby\/wp-json\/wp\/v2\/categories?post=1621"},{"taxonomy":"post_tag","embeddable":true,"href":"https:\/\/www.bbyhaber.com\/bby\/wp-json\/wp\/v2\/tags?post=1621"}],"curies":[{"name":"wp","href":"https:\/\/api.w.org\/{rel}","templated":true}]}}