{"id":16192,"date":"2015-02-25T09:30:01","date_gmt":"2015-02-25T07:30:01","guid":{"rendered":"http:\/\/www.bbyhaber.com\/bby\/?p=16192"},"modified":"2015-04-02T13:21:55","modified_gmt":"2015-04-02T10:21:55","slug":"51-kutuphane-haftasinda-kitapla-barisiyoruz-81-ilde-kitap-okuyoruz","status":"publish","type":"post","link":"https:\/\/www.bbyhaber.com\/bby\/2015\/02\/25\/51-kutuphane-haftasinda-kitapla-barisiyoruz-81-ilde-kitap-okuyoruz","title":{"rendered":"51.K\u00fct\u00fcphane Haftas\u0131&#8217;nda Kitapla Bar\u0131\u015f\u0131yoruz-81 \u0130lde Kitap Okuyoruz"},"content":{"rendered":"<p style=\"text-align: justify;\">Halk\u0131m\u0131z\u0131n kitap ve k\u00fct\u00fcphaneye ilgisini artt\u0131rmak, okuma al\u0131\u015fkanl\u0131\u011f\u0131 ve okuma k\u00fclt\u00fcr\u00fc konusunda fark\u0131ndal\u0131k yaratmak i\u00e7in 2012 y\u0131l\u0131nda ba\u015flatt\u0131\u011f\u0131m\u0131z ve geleneksel olarak her y\u0131l k\u00fct\u00fcphane haftas\u0131 kapsam\u0131nda tekrarlad\u0131\u011f\u0131m\u0131z \u201c81 \u0130lde Kitap Okuyoruz\u201d okuma etkinli\u011finin 4.s\u00fcn\u00fc 51. K\u00fct\u00fcphane Haftas\u0131 kapsam\u0131nda, K\u00fct\u00fcphaneler ve Yay\u0131mlar Genel M\u00fcd\u00fcrl\u00fc\u011f\u00fc ve Valiliklerimizin deste\u011fiyle 81 ilde ve K\u0131br\u0131s\u2018ta\u00a0<strong>1 Nisan 2015 \u00c7ar\u015famba<\/strong>\u00a0g\u00fcn\u00fc\u00a0<strong>12.30 &#8211; 13.00<\/strong>\u00a0saatleri aras\u0131nda\u00a0meydanlarda,\u00a030 dakika sessiz kitap okuyarak ger\u00e7ekle\u015ftirece\u011fiz.<!--more--><\/p>\n<p><strong>\u0130nstagram:<\/strong>\u00a081ildekitapokuyoruz<\/p>\n<p><strong>Facebook:<\/strong>\u00a081ildekitapokuyoruz<\/p>\n<p><strong>Twitter:<\/strong>\u00a0kitaplabaris<\/p>\n<p style=\"text-align: justify;\"><strong>Hastag:<\/strong>\u00a0#KitaplaBar\u0131\u015f\u0131yoruz<\/p>\n<p style=\"text-align: justify;\">Ge\u00e7ti\u011fimiz y\u0131llarda ger\u00e7ekle\u015ftirdi\u011fimiz okuma etkinliklerinde;\u00a0k\u00fct\u00fcphaneciler,\u00a0Bilgi ve Belge Y\u00f6netimi B\u00f6l\u00fcm\u00fc\u00a0\u00f6\u011frencileri, akademisyenler, yazarlar, \u00e7izerler, yay\u0131nc\u0131lar, okurlar ve kamu kurumu y\u00f6neticileri ile Valilerimiz, \u0130l K\u00fclt\u00fcr ve Turizm M\u00fcd\u00fcrleri, \u0130l Milli E\u011fitim M\u00fcd\u00fcrleri ve Belediye Ba\u015fkanlar\u0131m\u0131z\u0131n kat\u0131l\u0131m\u0131 ile vatanda\u015flar\u0131m\u0131zla birlikte kitap okuduk.<\/p>\n<p style=\"text-align: justify;\"><strong>\u201c81 \u0130lde Kitap Okuyoruz\u201d<\/strong>\u00a0etkinlikleri bir\u00e7ok payda\u015f\u0131 yan yana getirerek hem birlikte i\u015f yapma konusunda hem de toplumda okuma al\u0131\u015fkanl\u0131\u011f\u0131na dair bir fark\u0131ndal\u0131k yaratma konusunda ba\u015far\u0131yla s\u00fcrmektedir.<\/p>\n<p style=\"text-align: justify;\">D\u00f6rd\u00fcnc\u00fcs\u00fcn\u00fc ger\u00e7ekle\u015ftirece\u011fimiz etkinli\u011fin ilk \u00fc\u00e7\u00fc; TKD Genel Merkezi ve \u015eubeleri, TKD Kamp\u00fcs (TKD Gen\u00e7lik \u00c7al\u0131\u015fma Gurubu \u00fcyeleri), \u00dcniversitelerimizin Bilgi ve Belge Y\u00f6netimi B\u00f6l\u00fcmleri, Bilgi ve Belge Y\u00f6netimi B\u00f6l\u00fcm\u00fcnde okuyan \u00f6\u011frencilerin kul\u00fcpleri, \u00f6\u011frenci topluluklar\u0131,\u00a0K\u0131br\u0131s T\u00fcrk K\u00fct\u00fcphaneciler Derne\u011fi (KTKD), Okul K\u00fct\u00fcphanecileri Derne\u011fi (OKD), \u00dcniversite ve Ara\u015ft\u0131rma K\u00fct\u00fcphanecileri Derne\u011fi (\u00dcNAK), K\u00fclt\u00fcr Payla\u015f\u0131m Platformu,\u00a0Balkan \u00dclkeleri K\u00fct\u00fcphaneler Birli\u011fi, Toplum G\u00f6n\u00fcll\u00fcleri Vakf\u0131 (TOG), T\u00fcrkiye Yay\u0131nc\u0131lar Birli\u011fi (TYB), Bas\u0131n Yay\u0131n Birli\u011fi, \u00c7ocuk Vakf\u0131, Edebiyat\u00e7\u0131lar Derne\u011fi, Bu\u011fday Ekolojik Ya\u015fam\u0131 Destekleme Derne\u011fi, SabitFikir Dergisi, \u00c7izgi Roman Okurlar\u0131 Platformu (\u00c7ROP),\u00a0Palme Yay\u0131nc\u0131l\u0131k, Parantez Yay\u0131nlar\u0131, Yitik \u00dclke Yay\u0131nlar\u0131, Yap\u0131 Kredi K\u00fclt\u00fcr ve Sanat Yay\u0131nc\u0131l\u0131k, Okuma Ajans\u0131 i\u015fbirli\u011fi ile ger\u00e7ekle\u015ftirildi. 2015 y\u0131l\u0131nda daha \u00e7ok payda\u015fla, daha fazla ses getiren bir etkinli\u011fe hep birlikte imza atal\u0131m.<\/p>\n<p style=\"text-align: justify;\">\u00c7anakkale Zaferi\u2019nin 100. Y\u0131l\u0131 an\u0131s\u0131na<strong>\u00a0 \u201cK\u00fclt\u00fcrleraras\u0131 Diyalog ve K\u00fct\u00fcphaneler<\/strong>\u201d\u00a0\u00a0temas\u0131 ile kutlanacak olan 51. K\u00fct\u00fcphane Haftas\u0131\u2019n\u0131n temas\u0131na uygun olarak meydanlarda\u00a0 \u201cK\u00fclt\u00fcrleraras\u0131 Diyalog\u201d kapsam\u0131nda<strong>\u00a0\u201cD\u00fcnya Bar\u0131\u015f\u0131na<\/strong>\u201d dikkat \u00e7ekmek i\u00e7in kitap\u00a0okuyaca\u011f\u0131z.<strong>\u00a0\u00a0<\/strong>Bu y\u0131l 4.s\u00fc ger\u00e7ekle\u015fecek olan geleneksel \u201c81 \u0130lde Kitap Okuyoruz\u201d etkinli\u011fini<strong>\u00a0\u201cK\u0130TAPLA BARI\u015eIYORUZ\u201d<\/strong>slogan\u0131 ile kutlayaca\u011f\u0131z.<\/p>\n<p style=\"text-align: justify;\">T\u00fcrk K\u00fct\u00fcphaneciler Derne\u011fi Genel Merkezi taraf\u0131ndan organize edilen okuma etkinli\u011fi i\u00e7in gerekli izin ve bilgilendirme yaz\u0131lar\u0131 derne\u011fimiz taraf\u0131ndan 81 \u0130lin Valiliklerine g\u00f6nderilecektir.<\/p>\n<p style=\"text-align: justify;\">Etkinli\u011fin kampanya s\u00fcrecini ve koordinasyonu T\u00fcrk K\u00fct\u00fcphaneciler Derne\u011fi Genel Ba\u015fkan Yard\u0131mc\u0131s\u0131<strong>\u00a0Ayd\u0131n \u0130leri\u00a0<\/strong>y\u00fcr\u00fctecektir.\u00a0 Ayr\u0131nt\u0131l\u0131 bilgi, her t\u00fcrl\u00fc soru, g\u00f6r\u00fc\u015f ve \u00f6nerileriniz ve okuma meydanlar\u0131n\u0131z\u0131n bilgilendirmesi i\u00e7in\u00a0<a href=\"mailto:kitapokuyoruz@yandex.com\" target=\"_blank\"><strong>kitapokuyoruz@yandex.com<\/strong><\/a><strong>\u00a0<\/strong>e-posta g\u00f6nderebilirsiniz.<\/p>\n<p style=\"text-align: justify;\"><strong>\u0130nstagram:<\/strong>\u00a081ildekitapokuyoruz<\/p>\n<p style=\"text-align: justify;\"><strong>Facebook:<\/strong>\u00a081ildekitapokuyoruz<\/p>\n<p style=\"text-align: justify;\"><strong>Twitter:<\/strong>\u00a0kitaplabaris<\/p>\n<p style=\"text-align: justify;\"><strong>Hastag:<\/strong>\u00a0#KitaplaBar\u0131\u015f\u0131yoruz<\/p>\n<p style=\"text-align: justify;\"><strong><\/strong>Bu anlaml\u0131 etkinli\u011fe\u00a0 katk\u0131 sunacak, emek verecek herkese \u015fimdiden te\u015fekk\u00fcrlerimizi sunuyoruz.<\/p>\n<p style=\"text-align: justify;\">Sayg\u0131lar\u0131m\u0131zla<\/p>\n<p style=\"text-align: justify;\"><em><strong>Ali Fuat Kartal<br \/>\nT\u00fcrk K\u00fct\u00fcphaneciler Derne\u011fi Genel Ba\u015fkan\u0131<br \/>\n24 \u015eubat 2015<\/strong><\/em><\/p>\n","protected":false},"excerpt":{"rendered":"<p>Halk\u0131m\u0131z\u0131n kitap ve k\u00fct\u00fcphaneye ilgisini artt\u0131rmak, okuma al\u0131\u015fkanl\u0131\u011f\u0131 ve okuma k\u00fclt\u00fcr\u00fc konusunda fark\u0131ndal\u0131k yaratmak i\u00e7in 2012 y\u0131l\u0131nda ba\u015flatt\u0131\u011f\u0131m\u0131z ve geleneksel olarak her y\u0131l k\u00fct\u00fcphane haftas\u0131 kapsam\u0131nda tekrarlad\u0131\u011f\u0131m\u0131z \u201c81 \u0130lde Kitap Okuyoruz\u201d okuma etkinli\u011finin 4.s\u00fcn\u00fc 51. K\u00fct\u00fcphane Haftas\u0131 kapsam\u0131nda, K\u00fct\u00fcphaneler ve Yay\u0131mlar Genel M\u00fcd\u00fcrl\u00fc\u011f\u00fc ve Valiliklerimizin deste\u011fiyle 81 ilde ve K\u0131br\u0131s\u2018ta\u00a01 Nisan 2015 \u00c7ar\u015famba\u00a0g\u00fcn\u00fc\u00a012.30 &#8211; 13.00\u00a0saatleri [&hellip;]<\/p>\n","protected":false},"author":1,"featured_media":0,"comment_status":"open","ping_status":"open","sticky":false,"template":"","format":"standard","meta":{"footnotes":""},"categories":[1522],"tags":[1461],"class_list":["post-16192","post","type-post","status-publish","format-standard","hentry","category-51-kutuphane-haftasi","tag-kutuphane-haftasi"],"_links":{"self":[{"href":"https:\/\/www.bbyhaber.com\/bby\/wp-json\/wp\/v2\/posts\/16192"}],"collection":[{"href":"https:\/\/www.bbyhaber.com\/bby\/wp-json\/wp\/v2\/posts"}],"about":[{"href":"https:\/\/www.bbyhaber.com\/bby\/wp-json\/wp\/v2\/types\/post"}],"author":[{"embeddable":true,"href":"https:\/\/www.bbyhaber.com\/bby\/wp-json\/wp\/v2\/users\/1"}],"replies":[{"embeddable":true,"href":"https:\/\/www.bbyhaber.com\/bby\/wp-json\/wp\/v2\/comments?post=16192"}],"version-history":[{"count":0,"href":"https:\/\/www.bbyhaber.com\/bby\/wp-json\/wp\/v2\/posts\/16192\/revisions"}],"wp:attachment":[{"href":"https:\/\/www.bbyhaber.com\/bby\/wp-json\/wp\/v2\/media?parent=16192"}],"wp:term":[{"taxonomy":"category","embeddable":true,"href":"https:\/\/www.bbyhaber.com\/bby\/wp-json\/wp\/v2\/categories?post=16192"},{"taxonomy":"post_tag","embeddable":true,"href":"https:\/\/www.bbyhaber.com\/bby\/wp-json\/wp\/v2\/tags?post=16192"}],"curies":[{"name":"wp","href":"https:\/\/api.w.org\/{rel}","templated":true}]}}