{"id":16164,"date":"2015-02-23T23:09:02","date_gmt":"2015-02-23T21:09:02","guid":{"rendered":"http:\/\/www.bbyhaber.com\/bby\/?p=16164"},"modified":"2015-02-24T14:57:21","modified_gmt":"2015-02-24T12:57:21","slug":"cnr-kitap-fuari-basliyor","status":"publish","type":"post","link":"https:\/\/www.bbyhaber.com\/bby\/2015\/02\/23\/cnr-kitap-fuari-basliyor","title":{"rendered":"CNR Kitap Fuar\u0131 Ba\u015fl\u0131yor"},"content":{"rendered":"<p style=\"text-align: justify;\"><img loading=\"lazy\" decoding=\"async\" class=\"alignleft\" src=\"http:\/\/www.bbyhaber.com\/bby\/wp-content\/uploads\/2015\/02\/cnr-kitap-fuar.jpg\" alt=\"\" width=\"213\" height=\"114\" data-mce-selected=\"1\" \/>CNR Kitap Fuar\u0131, 600 marka, 250\u2019nin \u00fczerinde yay\u0131nevinin kat\u0131l\u0131m\u0131 ile <strong>27 \u015eubat-8 Mart<\/strong> tarihleri aras\u0131nda, <strong>Ye\u015filk\u00f6y\u2019deki CNR EXPO<\/strong>\u2019da kitapseverlerle bulu\u015facak. CNR Kitap Fuar\u0131\u2019nda, s\u00f6yle\u015fi, panel, \u00e7ocuk etkinlikleri, sergi, imza g\u00fcnleri ve dinletilerle birlikte 550\u2019nin \u00fczerinde etkinlik ger\u00e7ekle\u015ftirilecek. \u201c\u00c7anakkale Zaferi\u2019nin 100. Y\u0131l\u0131\u201d temas\u0131yla d\u00fczenlenecek fuarda, \u00c7anakkale Zaferi ruhunu anlatan onlarca etkinlik yap\u0131lacak.<!--more--> CNR EXPO Ye\u015filk\u00f6y etkinlik salonlar\u0131nda ziyaret\u00e7ilere \u00c7anakkale Destan\u0131 \u00fczerine yaz\u0131lan \u015fiirler dinletilecek. Fuar\u0131, K\u00fclt\u00fcr ve Turizm Bakanl\u0131\u011f\u0131, MEB, \u0130stanbul \u0130l Milli E\u011fitim M\u00fcd\u00fcrl\u00fc\u011f\u00fc, \u0130stanbul B\u00fcy\u00fck \u015eehir Belediyesi de destekliyor.<\/p>\n","protected":false},"excerpt":{"rendered":"<p>CNR Kitap Fuar\u0131, 600 marka, 250\u2019nin \u00fczerinde yay\u0131nevinin kat\u0131l\u0131m\u0131 ile 27 \u015eubat-8 Mart tarihleri aras\u0131nda, Ye\u015filk\u00f6y\u2019deki CNR EXPO\u2019da kitapseverlerle bulu\u015facak. CNR Kitap Fuar\u0131\u2019nda, s\u00f6yle\u015fi, panel, \u00e7ocuk etkinlikleri, sergi, imza g\u00fcnleri ve dinletilerle birlikte 550\u2019nin \u00fczerinde etkinlik ger\u00e7ekle\u015ftirilecek. \u201c\u00c7anakkale Zaferi\u2019nin 100. Y\u0131l\u0131\u201d temas\u0131yla d\u00fczenlenecek fuarda, \u00c7anakkale Zaferi ruhunu anlatan onlarca etkinlik yap\u0131lacak.<\/p>\n","protected":false},"author":129,"featured_media":0,"comment_status":"open","ping_status":"open","sticky":false,"template":"","format":"standard","meta":{"footnotes":""},"categories":[1,588,1493],"tags":[],"class_list":["post-16164","post","type-post","status-publish","format-standard","hentry","category-genel","category-kitap-fuarlari","category-kitap-fuarlari-2"],"_links":{"self":[{"href":"https:\/\/www.bbyhaber.com\/bby\/wp-json\/wp\/v2\/posts\/16164"}],"collection":[{"href":"https:\/\/www.bbyhaber.com\/bby\/wp-json\/wp\/v2\/posts"}],"about":[{"href":"https:\/\/www.bbyhaber.com\/bby\/wp-json\/wp\/v2\/types\/post"}],"author":[{"embeddable":true,"href":"https:\/\/www.bbyhaber.com\/bby\/wp-json\/wp\/v2\/users\/129"}],"replies":[{"embeddable":true,"href":"https:\/\/www.bbyhaber.com\/bby\/wp-json\/wp\/v2\/comments?post=16164"}],"version-history":[{"count":0,"href":"https:\/\/www.bbyhaber.com\/bby\/wp-json\/wp\/v2\/posts\/16164\/revisions"}],"wp:attachment":[{"href":"https:\/\/www.bbyhaber.com\/bby\/wp-json\/wp\/v2\/media?parent=16164"}],"wp:term":[{"taxonomy":"category","embeddable":true,"href":"https:\/\/www.bbyhaber.com\/bby\/wp-json\/wp\/v2\/categories?post=16164"},{"taxonomy":"post_tag","embeddable":true,"href":"https:\/\/www.bbyhaber.com\/bby\/wp-json\/wp\/v2\/tags?post=16164"}],"curies":[{"name":"wp","href":"https:\/\/api.w.org\/{rel}","templated":true}]}}