{"id":1616,"date":"2009-10-30T19:34:26","date_gmt":"2009-10-30T19:34:26","guid":{"rendered":"http:\/\/www.bbyhaber.com\/bby\/?p=1616"},"modified":"2012-09-07T13:11:46","modified_gmt":"2012-09-07T10:11:46","slug":"halk-kutuphaneleri-bolge-semineri-diyarbakir","status":"publish","type":"post","link":"https:\/\/www.bbyhaber.com\/bby\/2009\/10\/30\/halk-kutuphaneleri-bolge-semineri-diyarbakir","title":{"rendered":"Halk k\u00fct\u00fcphaneleri b\u00f6lge semineri-Diyarbak\u0131r"},"content":{"rendered":"<p style=\"text-align: justify;\">2008 y\u0131l\u0131nda planlanan seminer dizisi i\u00e7inde yer alan Halk K\u00fct\u00fcphaneleri D\u0130YARBAKIR B\u00f6lge Semineri 30-31 Ekim 2009 tarihlerinde Diyarbak\u0131r \u0130l Halk K\u00fct\u00fcphanesi ev sahipli\u011finde Diyarbak\u0131r\u2019da ger\u00e7ekle\u015ftirilmi\u015ftir. \u015eanl\u0131urfa, Mardin, \u015e\u0131rnak, Hakkari, Siirt, Batman, Bitlis, Ad\u0131yaman, Malatya, Elaz\u0131\u011f, Bing\u00f6l, Van ve Tunceli illerinden gelen halk k\u00fct\u00fcphanecileri ile birlikte toplam 25 kat\u0131l\u0131mc\u0131 ile yap\u0131lan seminerde<!--more--> \u201cGen\u00e7lere Y\u00f6nelik Halk K\u00fct\u00fcphanesi Hizmetlerinde Teknolojinin Kullan\u0131m\u0131\u201d (Prof. Dr. B\u00fclent Y\u0131lmaz); \u201cAlmanya\u2019da Halk K\u00fct\u00fcphanesi Hizmetlerinde Teknoloji: \u00d6rnekler\u201d (Nico Sandfuchs); \u201cHalk K\u00fct\u00fcphanesi Hizmetlerinde Web Kullan\u0131m\u0131 ve \u00d6rnekler\u201d (Prof. Dr. B\u00fclent Y\u0131lmaz); \u201cBart\u0131n-Ulus Web Deneyimi (\u0130smail Akman)\u201d ve \u201cKYGM A\u00e7\u0131s\u0131ndan Web \u0130\u015flemleri\u201d (Hakan \u00dcnl\u00fc \u2013 Bahad\u0131r Ayd\u0131nonat) konular\u0131nda sunumlar, film g\u00f6sterimleri ve \u00e7al\u0131\u015ftaylar yap\u0131lm\u0131\u015ft\u0131r. Seminer \u00e7er\u00e7evesinde Diyarbak\u0131r \u0130l Halk K\u00fct\u00fcphanesi de incelenmi\u015f, kat\u0131l\u0131mc\u0131lar taraf\u0131ndan kaynak ve hizmetler a\u00e7\u0131s\u0131ndan de\u011ferlendirilmi\u015ftir. Seminerin ikinci g\u00fcn\u00fc Diyarbak\u0131r\u2019\u0131n tarihsel ve k\u00fclt\u00fcrel mekanlar\u0131 gezilmi\u015ftir. Ayr\u0131ca, Diyarbak\u0131r Valisi ziyaret edilmi\u015f, Diyarbak\u0131r\u2019daki halk k\u00fct\u00fcphanesi hizmetleri hakk\u0131nda de\u011ferlendirmeler yap\u0131lm\u0131\u015f ve kendilerine \u00f6nerilerde bulunulmu\u015ftur. Ayn\u0131 de\u011ferlendirmeler k\u00fclt\u00fcrden sorumlu Vali Yard\u0131mc\u0131s\u0131\u2019na da iletilmi\u015ftir. Seminere TKD Ba\u015fkan\u0131, \u0130zmir \u0130l Halk K\u00fct\u00fcphanesi M\u00fcd\u00fcr\u00fc, Bart\u0131n-Ulus \u0130l\u00e7e Halk K\u00fct\u00fcphanesi M\u00fcd\u00fcr\u00fc, KYGM\u2019den uzman k\u00fct\u00fcphaneciler, Diyarbak\u0131r \u0130l K\u00fclt\u00fcr ve Turizm M\u00fcd\u00fcr\u00fc de \u00f6nemli katk\u0131larda bulunmu\u015flard\u0131r. Seminer sonunda yap\u0131lan de\u011ferlendirme ve al\u0131nan geri bildirimlerde Seminerin b\u00fcy\u00fck \u00f6l\u00e7\u00fcde yararl\u0131 oldu\u011fu ve verimli ge\u00e7ti\u011fi belirtilmi\u015ftir.<\/p>\n<p style=\"text-align: justify;\">Kaynak: Prof. Dr. B\u00fclent YILMAZ<\/p>\n","protected":false},"excerpt":{"rendered":"<p>2008 y\u0131l\u0131nda planlanan seminer dizisi i\u00e7inde yer alan Halk K\u00fct\u00fcphaneleri D\u0130YARBAKIR B\u00f6lge Semineri 30-31 Ekim 2009 tarihlerinde Diyarbak\u0131r \u0130l Halk K\u00fct\u00fcphanesi ev sahipli\u011finde Diyarbak\u0131r\u2019da ger\u00e7ekle\u015ftirilmi\u015ftir. \u015eanl\u0131urfa, Mardin, \u015e\u0131rnak, Hakkari, Siirt, Batman, Bitlis, Ad\u0131yaman, Malatya, Elaz\u0131\u011f, Bing\u00f6l, Van ve Tunceli illerinden gelen halk k\u00fct\u00fcphanecileri ile birlikte toplam 25 kat\u0131l\u0131mc\u0131 ile yap\u0131lan seminerde<\/p>\n","protected":false},"author":1,"featured_media":0,"comment_status":"open","ping_status":"open","sticky":false,"template":"","format":"standard","meta":{"footnotes":""},"categories":[1576],"tags":[848],"class_list":["post-1616","post","type-post","status-publish","format-standard","hentry","category-halk-kutuphaneleri-bolge-seminerleri","tag-halk-kutuphaneleri"],"_links":{"self":[{"href":"https:\/\/www.bbyhaber.com\/bby\/wp-json\/wp\/v2\/posts\/1616"}],"collection":[{"href":"https:\/\/www.bbyhaber.com\/bby\/wp-json\/wp\/v2\/posts"}],"about":[{"href":"https:\/\/www.bbyhaber.com\/bby\/wp-json\/wp\/v2\/types\/post"}],"author":[{"embeddable":true,"href":"https:\/\/www.bbyhaber.com\/bby\/wp-json\/wp\/v2\/users\/1"}],"replies":[{"embeddable":true,"href":"https:\/\/www.bbyhaber.com\/bby\/wp-json\/wp\/v2\/comments?post=1616"}],"version-history":[{"count":0,"href":"https:\/\/www.bbyhaber.com\/bby\/wp-json\/wp\/v2\/posts\/1616\/revisions"}],"wp:attachment":[{"href":"https:\/\/www.bbyhaber.com\/bby\/wp-json\/wp\/v2\/media?parent=1616"}],"wp:term":[{"taxonomy":"category","embeddable":true,"href":"https:\/\/www.bbyhaber.com\/bby\/wp-json\/wp\/v2\/categories?post=1616"},{"taxonomy":"post_tag","embeddable":true,"href":"https:\/\/www.bbyhaber.com\/bby\/wp-json\/wp\/v2\/tags?post=1616"}],"curies":[{"name":"wp","href":"https:\/\/api.w.org\/{rel}","templated":true}]}}