{"id":16151,"date":"2015-02-21T23:56:21","date_gmt":"2015-02-21T21:56:21","guid":{"rendered":"http:\/\/www.bbyhaber.com\/bby\/?p=16151"},"modified":"2015-02-23T10:55:20","modified_gmt":"2015-02-23T08:55:20","slug":"2-trabzon-kitap-gunleri-basladi","status":"publish","type":"post","link":"https:\/\/www.bbyhaber.com\/bby\/2015\/02\/21\/2-trabzon-kitap-gunleri-basladi","title":{"rendered":"2. Trabzon Kitap G\u00fcnleri Ba\u015flad\u0131"},"content":{"rendered":"<p style=\"text-align: justify;\"><img loading=\"lazy\" decoding=\"async\" class=\"alignleft\" src=\"http:\/\/www.bbyhaber.com\/bby\/wp-content\/uploads\/2015\/02\/Trabzon-Kitap-Gunleri-Basladi.jpg\" alt=\"TrabzonKitapG\u00fcnleriBa\u015flad\u0131\" width=\"289\" height=\"165\" data-mce-selected=\"1\" \/>Trabzon\u2019da kitapseverleri Kitapl\u0131 g\u00fcnler bekliyor. Trabzon B\u00fcy\u00fck\u015fehir Belediyesi taraf\u0131ndan d\u00fczenlenen 2. Trabzon Kitap G\u00fcnleri Hamamizade \u0130hsan Bey K\u00fclt\u00fcr Merkezi\u2019nde a\u00e7\u0131ld\u0131. 61 Yay\u0131nevi ve 50 yazar\u0131n Trabzonlularla bulu\u015faca\u011f\u0131 Trabzon Kitap G\u00fcnleri etkinli\u011fi 20 \u015eubat-1 Mart tarihleri aras\u0131 kitapseverlere a\u00e7\u0131k olacak.<!--more--><\/p>\n<p style=\"text-align: justify;\">Do\u011fu Karadeniz\u2019in en b\u00fcy\u00fck kitap fuar\u0131 olan Trabzon Kitap G\u00fcnlerinde bir\u00e7ok \u00fcnl\u00fc yazar s\u00f6yle\u015fi yapacak ve d\u00fczenlenecek imza g\u00fcn\u00fc etkinlikleri ile okuyucular\u0131 ile bulu\u015facak. Resmi a\u00e7\u0131l\u0131\u015f\u0131 22 \u015eubat Pazar g\u00fcn\u00fc yap\u0131lacak kitap fuar\u0131na Akoluk Kitabevi, Be\u015fik\u00e7i Kitabevi, \u00c7a\u011fr\u0131 Kitabevi, Derya Kitabevi, Yolcu K\u0131rtasiye, Ant K\u0131rtasiye, Semerkand Yay\u0131nlar\u0131, Diyanet Yay\u0131nevi, T\u00fcrk Dil Kurumu destek veriyor.<\/p>\n<p>Kaynak:\u00a0http:\/\/www.patikaa.com\/<\/p>\n","protected":false},"excerpt":{"rendered":"<p>Trabzon\u2019da kitapseverleri Kitapl\u0131 g\u00fcnler bekliyor. Trabzon B\u00fcy\u00fck\u015fehir Belediyesi taraf\u0131ndan d\u00fczenlenen 2. Trabzon Kitap G\u00fcnleri Hamamizade \u0130hsan Bey K\u00fclt\u00fcr Merkezi\u2019nde a\u00e7\u0131ld\u0131. 61 Yay\u0131nevi ve 50 yazar\u0131n Trabzonlularla bulu\u015faca\u011f\u0131 Trabzon Kitap G\u00fcnleri etkinli\u011fi 20 \u015eubat-1 Mart tarihleri aras\u0131 kitapseverlere a\u00e7\u0131k olacak.<\/p>\n","protected":false},"author":129,"featured_media":0,"comment_status":"open","ping_status":"open","sticky":false,"template":"","format":"standard","meta":{"footnotes":""},"categories":[1,1493,588],"tags":[],"class_list":["post-16151","post","type-post","status-publish","format-standard","hentry","category-genel","category-kitap-fuarlari-2","category-kitap-fuarlari"],"_links":{"self":[{"href":"https:\/\/www.bbyhaber.com\/bby\/wp-json\/wp\/v2\/posts\/16151"}],"collection":[{"href":"https:\/\/www.bbyhaber.com\/bby\/wp-json\/wp\/v2\/posts"}],"about":[{"href":"https:\/\/www.bbyhaber.com\/bby\/wp-json\/wp\/v2\/types\/post"}],"author":[{"embeddable":true,"href":"https:\/\/www.bbyhaber.com\/bby\/wp-json\/wp\/v2\/users\/129"}],"replies":[{"embeddable":true,"href":"https:\/\/www.bbyhaber.com\/bby\/wp-json\/wp\/v2\/comments?post=16151"}],"version-history":[{"count":0,"href":"https:\/\/www.bbyhaber.com\/bby\/wp-json\/wp\/v2\/posts\/16151\/revisions"}],"wp:attachment":[{"href":"https:\/\/www.bbyhaber.com\/bby\/wp-json\/wp\/v2\/media?parent=16151"}],"wp:term":[{"taxonomy":"category","embeddable":true,"href":"https:\/\/www.bbyhaber.com\/bby\/wp-json\/wp\/v2\/categories?post=16151"},{"taxonomy":"post_tag","embeddable":true,"href":"https:\/\/www.bbyhaber.com\/bby\/wp-json\/wp\/v2\/tags?post=16151"}],"curies":[{"name":"wp","href":"https:\/\/api.w.org\/{rel}","templated":true}]}}