{"id":16148,"date":"2015-02-21T23:49:38","date_gmt":"2015-02-21T21:49:38","guid":{"rendered":"http:\/\/www.bbyhaber.com\/bby\/?p=16148"},"modified":"2015-02-23T10:51:40","modified_gmt":"2015-02-23T08:51:40","slug":"ankara-kitap-fuarinda-cok-sayida-yazar-okur-ile-bulustu","status":"publish","type":"post","link":"https:\/\/www.bbyhaber.com\/bby\/2015\/02\/21\/ankara-kitap-fuarinda-cok-sayida-yazar-okur-ile-bulustu","title":{"rendered":"9. Ankara Kitap Fuar\u0131 Ziyaret\u00e7ilerini Bekliyor"},"content":{"rendered":"<p style=\"text-align: justify;\"><img loading=\"lazy\" decoding=\"async\" class=\"alignleft\" src=\"http:\/\/www.bbyhaber.com\/bby\/wp-content\/uploads\/2015\/02\/Ankara-Kitap-Fuari.jpg\" alt=\"\" width=\"288\" height=\"113\" \/> Ankara Kitap Fuar\u0131 bu y\u0131l 9&#8217;uncu kez kap\u0131lar\u0131n\u0131 kitapseverlere a\u00e7t\u0131. ATO Congresium&#8217;daki fuara ba\u015fkentlilerin ilgisi yo\u011fun oldu. Fuar Koordinat\u00f6r\u00fc Remzi \u00c7ay\u0131r, yakla\u015f\u0131k 250 yay\u0131nevini ve \u0130stanbul&#8217;dan gelen 35 sahaf\u0131 a\u011f\u0131rlad\u0131klar\u0131n\u0131 s\u00f6yledi. Ge\u00e7en y\u0131l 90 bin ziyaret\u00e7iye ula\u015ft\u0131klar\u0131n\u0131 bildiren \u00c7ay\u0131r, bu y\u0131l rakamlar\u0131n daha da artaca\u011f\u0131n\u0131 \u00f6ng\u00f6rd\u00fcklerini ifade etti.<!--more--><\/p>\n<p style=\"text-align: justify;\">\u00c7ay\u0131r, Ankara&#8217;n\u0131n farkl\u0131 il\u00e7elerindeki ilk\u00f6\u011fretim okullar\u0131 ve liselerden \u00f6\u011frencileri \u00fccretsiz servislerle fuara getirdiklerini dile getirdi. Fuar\u0131n a\u00e7\u0131l\u0131\u015f\u0131na kat\u0131lan K\u00fct\u00fcphaneler ve Yay\u0131mlar Genel M\u00fcd\u00fcr\u00fc Hamdi Tur\u015fucu da kitap fuarlar\u0131n\u0131n say\u0131s\u0131n\u0131n artt\u0131\u011f\u0131na ve niteli\u011finin geli\u015fti\u011fine dikkati \u00e7ekti. Tur\u015fucu, kitaba yap\u0131lacak yat\u0131r\u0131m\u0131n gelecek nesillere yap\u0131lacak yat\u0131r\u0131m olarak ifade edilebilece\u011fini vurgulad\u0131. Fuar, 1 Mart&#8217;a kadar a\u00e7\u0131k kalacak. Yazarlar\u0131n imza g\u00fcnleri, s\u00f6yle\u015filer, paneller ve konferanslar d\u00fczenlenecek fuarda, vatanda\u015flar y\u00fczde 30-40&#8217;a varan indirimlerden de yararlanabilecek.<\/p>\n<p style=\"text-align: justify;\">Kaynak:http:\/\/www.haberler.com\/<\/p>\n","protected":false},"excerpt":{"rendered":"<p>Ankara Kitap Fuar\u0131 bu y\u0131l 9&#8217;uncu kez kap\u0131lar\u0131n\u0131 kitapseverlere a\u00e7t\u0131. ATO Congresium&#8217;daki fuara ba\u015fkentlilerin ilgisi yo\u011fun oldu. Fuar Koordinat\u00f6r\u00fc Remzi \u00c7ay\u0131r, yakla\u015f\u0131k 250 yay\u0131nevini ve \u0130stanbul&#8217;dan gelen 35 sahaf\u0131 a\u011f\u0131rlad\u0131klar\u0131n\u0131 s\u00f6yledi. Ge\u00e7en y\u0131l 90 bin ziyaret\u00e7iye ula\u015ft\u0131klar\u0131n\u0131 bildiren \u00c7ay\u0131r, bu y\u0131l rakamlar\u0131n daha da artaca\u011f\u0131n\u0131 \u00f6ng\u00f6rd\u00fcklerini ifade etti.<\/p>\n","protected":false},"author":129,"featured_media":0,"comment_status":"open","ping_status":"open","sticky":false,"template":"","format":"standard","meta":{"footnotes":""},"categories":[1,588,1493],"tags":[],"class_list":["post-16148","post","type-post","status-publish","format-standard","hentry","category-genel","category-kitap-fuarlari","category-kitap-fuarlari-2"],"_links":{"self":[{"href":"https:\/\/www.bbyhaber.com\/bby\/wp-json\/wp\/v2\/posts\/16148"}],"collection":[{"href":"https:\/\/www.bbyhaber.com\/bby\/wp-json\/wp\/v2\/posts"}],"about":[{"href":"https:\/\/www.bbyhaber.com\/bby\/wp-json\/wp\/v2\/types\/post"}],"author":[{"embeddable":true,"href":"https:\/\/www.bbyhaber.com\/bby\/wp-json\/wp\/v2\/users\/129"}],"replies":[{"embeddable":true,"href":"https:\/\/www.bbyhaber.com\/bby\/wp-json\/wp\/v2\/comments?post=16148"}],"version-history":[{"count":0,"href":"https:\/\/www.bbyhaber.com\/bby\/wp-json\/wp\/v2\/posts\/16148\/revisions"}],"wp:attachment":[{"href":"https:\/\/www.bbyhaber.com\/bby\/wp-json\/wp\/v2\/media?parent=16148"}],"wp:term":[{"taxonomy":"category","embeddable":true,"href":"https:\/\/www.bbyhaber.com\/bby\/wp-json\/wp\/v2\/categories?post=16148"},{"taxonomy":"post_tag","embeddable":true,"href":"https:\/\/www.bbyhaber.com\/bby\/wp-json\/wp\/v2\/tags?post=16148"}],"curies":[{"name":"wp","href":"https:\/\/api.w.org\/{rel}","templated":true}]}}