{"id":1606,"date":"2009-12-03T19:26:11","date_gmt":"2009-12-03T19:26:11","guid":{"rendered":"http:\/\/www.bbyhaber.com\/bby\/?p=1606"},"modified":"2011-12-11T19:26:41","modified_gmt":"2011-12-11T19:26:41","slug":"erzurumda-gorme-engelliler-icin-bilgi-merkezi-acildi-2","status":"publish","type":"post","link":"https:\/\/www.bbyhaber.com\/bby\/2009\/12\/03\/erzurumda-gorme-engelliler-icin-bilgi-merkezi-acildi-2","title":{"rendered":"Erzurum&#8217;da G\u00f6rme Engelliler \u0130\u00e7in Bilgi Merkezi A\u00e7\u0131ld\u0131"},"content":{"rendered":"<p>ERZURUM (\u0130HA) &#8211; Erzurum&#8217;da Valilik ve SYDV ile Beyaz Baston G\u00f6rmeyenler Derne\u011fi&#8217;nin birlikte y\u00fcr\u00fctm\u00fc\u015f oldu\u011fu &#8220;G\u00f6ren El Bilgi Bah\u00e7esi 2&#8243; projesi kapsam\u0131nda olu\u015fturulan Bilgi Merkezi&#8217;nin a\u00e7\u0131l\u0131\u015f\u0131 bug\u00fcn d\u00fczenlenen t\u00f6renle yap\u0131ld\u0131.<\/p>\n<p>Erzurum Vali Yard\u0131mc\u0131s\u0131 Mehmet G\u00f6k, Milli E\u011fitim M\u00fcd\u00fcr\u00fc Fevzi Budak ve dernek mensuplar\u0131n\u0131n kat\u0131ld\u0131klar\u0131 t\u00f6rende kurdele kesilerek merkezin a\u00e7\u0131l\u0131\u015f\u0131 yap\u0131ld\u0131. Daha sonra Bilgi Merkezi, davetliler taraf\u0131ndan gezilirken Beyaz Baston G\u00f6rmeyenler Derne\u011fi Ba\u015fkan\u0131 Abdurrahim Kocao\u011flu, proje kapsam\u0131nda davetlilere bilgi verdi.<\/p>\n<p>Kocao\u011flu, \u015funlar\u0131 s\u00f6yledi; \u201cG\u00f6ren El Bilgi Bah\u00e7esi projesi sosyal riski azaltma projeleri kapsam\u0131nda Valilik ve SYDV ile Beyaz Baston G\u00f6rmeyenler Derne\u011fi i\u015fbirli\u011fiyle ger\u00e7ekle\u015ftirilmi\u015ftir. Proje \u00e7al\u0131\u015fmam\u0131zdaki ama\u00e7 engellilerin ileti\u015fim ve toplumsal ya\u015fama kat\u0131lma gibi faaliyetlerine katk\u0131da bulunmak ve bu s\u00fcre\u00e7te ya\u015fanabilecek problemlere \u00e7\u00f6z\u00fcmler sunmakt\u0131r. Proje kapsam\u0131nda jaws destekli bilgisayar laboratuar\u0131 ve sesli k\u00fct\u00fcphanelerden olu\u015fan bilgi merkezi kurulmu\u015f olup bu merkezde y\u00fczlerce g\u00f6rme engelliye bilgisayar i\u015fletmenli\u011fi e\u011fitimi verilmektedir. Ayr\u0131ca ilimizde bulunan g\u00f6rme engelliler bu bilgisayar laboratuar\u0131 ve sesli k\u00fct\u00fcphaneden faydalanmaktad\u0131rlar.&#8221;<\/p>\n<p>Kaynak: http:\/\/www.haberciniz.biz\/<\/p>\n","protected":false},"excerpt":{"rendered":"<p>ERZURUM (\u0130HA) &#8211; Erzurum&#8217;da Valilik ve SYDV ile Beyaz Baston G\u00f6rmeyenler Derne\u011fi&#8217;nin birlikte y\u00fcr\u00fctm\u00fc\u015f oldu\u011fu &#8220;G\u00f6ren El Bilgi Bah\u00e7esi 2&#8243; projesi kapsam\u0131nda olu\u015fturulan Bilgi Merkezi&#8217;nin a\u00e7\u0131l\u0131\u015f\u0131 bug\u00fcn d\u00fczenlenen t\u00f6renle yap\u0131ld\u0131. Erzurum Vali Yard\u0131mc\u0131s\u0131 Mehmet G\u00f6k, Milli E\u011fitim M\u00fcd\u00fcr\u00fc Fevzi Budak ve dernek mensuplar\u0131n\u0131n kat\u0131ld\u0131klar\u0131 t\u00f6rende kurdele kesilerek merkezin a\u00e7\u0131l\u0131\u015f\u0131 yap\u0131ld\u0131. Daha sonra Bilgi Merkezi, davetliler [&hellip;]<\/p>\n","protected":false},"author":1,"featured_media":0,"comment_status":"open","ping_status":"open","sticky":false,"template":"","format":"standard","meta":{"footnotes":""},"categories":[1,1487,1503],"tags":[],"class_list":["post-1606","post","type-post","status-publish","format-standard","hentry","category-genel","category-gorme-engelli-kutuphane","category-sesli-kutuphane"],"_links":{"self":[{"href":"https:\/\/www.bbyhaber.com\/bby\/wp-json\/wp\/v2\/posts\/1606"}],"collection":[{"href":"https:\/\/www.bbyhaber.com\/bby\/wp-json\/wp\/v2\/posts"}],"about":[{"href":"https:\/\/www.bbyhaber.com\/bby\/wp-json\/wp\/v2\/types\/post"}],"author":[{"embeddable":true,"href":"https:\/\/www.bbyhaber.com\/bby\/wp-json\/wp\/v2\/users\/1"}],"replies":[{"embeddable":true,"href":"https:\/\/www.bbyhaber.com\/bby\/wp-json\/wp\/v2\/comments?post=1606"}],"version-history":[{"count":0,"href":"https:\/\/www.bbyhaber.com\/bby\/wp-json\/wp\/v2\/posts\/1606\/revisions"}],"wp:attachment":[{"href":"https:\/\/www.bbyhaber.com\/bby\/wp-json\/wp\/v2\/media?parent=1606"}],"wp:term":[{"taxonomy":"category","embeddable":true,"href":"https:\/\/www.bbyhaber.com\/bby\/wp-json\/wp\/v2\/categories?post=1606"},{"taxonomy":"post_tag","embeddable":true,"href":"https:\/\/www.bbyhaber.com\/bby\/wp-json\/wp\/v2\/tags?post=1606"}],"curies":[{"name":"wp","href":"https:\/\/api.w.org\/{rel}","templated":true}]}}