{"id":16021,"date":"2015-01-30T12:19:19","date_gmt":"2015-01-30T10:19:19","guid":{"rendered":"http:\/\/www.bbyhaber.com\/bby\/?p=16021"},"modified":"2016-02-01T20:24:29","modified_gmt":"2016-02-01T18:24:29","slug":"kutuphanecilerr-iisyanda","status":"publish","type":"post","link":"https:\/\/www.bbyhaber.com\/bby\/2015\/01\/30\/kutuphanecilerr-iisyanda","title":{"rendered":"K\u00fct\u00fcphaneciler \u0130syanda!!!"},"content":{"rendered":"<p style=\"text-align: justify;\"><a href=\"http:\/\/www.bbyhaber.com\/bby\/wp-content\/uploads\/2015\/01\/bbykadro2015.jpg\"><img loading=\"lazy\" decoding=\"async\" class=\"alignleft\" src=\"http:\/\/www.bbyhaber.com\/bby\/wp-content\/uploads\/2015\/01\/bbykadro2015.jpg\" alt=\"\" width=\"281\" height=\"159\" \/><\/a>Son 3 y\u0131l\u0131n KPSS Yerle\u015ftirme Takvimi incelendi\u011finde, tercih d\u00f6nemleri Haziran ay\u0131nda mezun olacak adaylar g\u00f6z \u00f6n\u00fcnde bulundurularak Haziran ay\u0131 olarak belirleniyordu. Ancak, 2015 y\u0131l\u0131n\u0131n ilk atamas\u0131 olacak olan 2015\/1 KPSS tercihlerinde ise durum de\u011fi\u015fti ve 16-24 Nisan 2015&#8217;e \u00e7ekildi.\u00a0Durum bu \u015fekilde olunca hen\u00fcz mezun olmayan Bilgi ve Belge Y\u00f6netimi (BBY) \u00f6\u011frencilerinin tercih haklar\u0131 engellenmi\u015f oldu.<!--more--> Mezun olmay\u0131 bekleyen t\u00fcm adaylar gibi meslekta\u015flar\u0131m\u0131z da b\u00fcy\u00fck bir hayal k\u0131r\u0131kl\u0131\u011f\u0131 ile kar\u015f\u0131 kar\u015f\u0131ya kalm\u0131\u015flard\u0131r.<br \/>\n<span style=\"color: #ff0000;\"><strong><br \/>\n<img loading=\"lazy\" decoding=\"async\" class=\"alignnone\" src=\"http:\/\/www.bbyhaber.com\/bby\/wp-content\/uploads\/yeni.gif\" alt=\"\" width=\"30\" height=\"19\" \/>(DEVLET PERSONEL BA\u015eKANLI\u011eI&#8217;NIN YAPTI\u011eI D\u00dcZENLEMEYLE TERC\u0130H D\u00d6NEM\u0130 DE\u011e\u0130\u015eM\u0130\u015eT\u0130R VE 22 Haziran-01 Temmuz 2015 TAR\u0130HLER\u0130NDE YAPILACAKTIR (G\u00dcNCELLEME: 13 MART 2015))<\/strong><\/span><\/p>\n<p style=\"text-align: justify;\"><strong><span style=\"color: #ff0000;\">Meslekta\u015flar\u0131m\u0131z<\/span> a\u00e7\u0131lmayan kadrolar nedeniyle ma\u011fduriyetlerini duyurmak, bu seslerine mesleki camiam\u0131zdan (\u00f6zellikle mesleki \u00f6rg\u00fct\u00fcm\u00fcz T\u00fcrk K\u00fct\u00fcphaneciler Derne\u011fi&#8217;nden (TKD), b\u00f6l\u00fcm hocalar\u0131ndan, meslekta\u015flar\u0131ndan vb.) yard\u0131m talep etmektedirler.<\/strong><\/p>\n<p style=\"text-align: justify;\">DPB taraf\u0131ndan kamu kurum ve kurulu\u015flar\u0131ndan <strong><span style=\"color: #ff0000;\">yerle\u015ftirme taleplerinin <span style=\"color: #0000ff;\">(kadrolar\u0131n) toplanaca\u011f\u0131 son g\u00fcn olan<\/span> <span style=\"color: #0000ff;\">15 May\u0131s 2015<\/span><\/span><\/strong>&#8216;e kadar bir \u015feylerin yap\u0131lmas\u0131 gerekti\u011fi, en son atamada hi\u00e7bir kadro a\u00e7mayan <strong>K\u00fclt\u00fcr ve Turizm Bakanl\u0131\u011f\u0131 gibi kurumlara bask\u0131 yap\u0131lmas\u0131n\u0131<\/strong>, \u00e7o\u011fu <strong>Halk K\u00fct\u00fcphanelerinin k\u00fct\u00fcphaneci yoklu\u011fu \u00e7ekti\u011fi g\u00fcn\u00fcm\u00fczde<\/strong> hakk\u0131m\u0131z olan <strong>K\u00fct\u00fcphaneci kadrolar\u0131n\u0131n a\u00e7\u0131lmas\u0131 gerekti\u011fini, ilgili meslek \u00f6rg\u00fct\u00fcm\u00fcz\u00fcn yard\u0131m\u0131yla<\/strong> bu taleplerin ilgili kurumlara iletilmesi \u00f6nem arzetmektedir. (B\u00f6yle bir giri\u015fim olduysa da bilgilendirme olarak atanmay\u0131 bekleyen t\u00fcm meslekta\u015flar\u0131m\u0131za duyuru ge\u00e7ilebilir veya bbyhaber&#8217;e e-mail at\u0131labilir.)<\/p>\n<p style=\"text-align: justify;\">En son atamada a\u00e7\u0131lan <a title=\"2014\/2 Atama Yap\u0131lacak BBY Kadro, Kurum ve \u00dcnvan Listesi\" href=\"http:\/\/www.bbyhaber.com\/bby\/2014\/11\/10\/20142-atama-yapilacak-bby-kadro-kurum-ve-unvan-listesi\/\">9 adet kadro<\/a> sonucunda ma\u011fdur olan meslekta\u015flar\u0131m\u0131z\u0131n \u00e7o\u011fu, art\u0131k mesle\u011fimizin gelece\u011fine dair umutlar\u0131n\u0131 yitirmek \u00fczere olduklar\u0131n\u0131 ve herkesin a\u00e7\u0131lmayan kadrolara dair bir \u015feyler yapmas\u0131 gerekti\u011fini acilen istemektedirler.<\/p>\n","protected":false},"excerpt":{"rendered":"<p>Son 3 y\u0131l\u0131n KPSS Yerle\u015ftirme Takvimi incelendi\u011finde, tercih d\u00f6nemleri Haziran ay\u0131nda mezun olacak adaylar g\u00f6z \u00f6n\u00fcnde bulundurularak Haziran ay\u0131 olarak belirleniyordu. Ancak, 2015 y\u0131l\u0131n\u0131n ilk atamas\u0131 olacak olan 2015\/1 KPSS tercihlerinde ise durum de\u011fi\u015fti ve 16-24 Nisan 2015&#8217;e \u00e7ekildi.\u00a0Durum bu \u015fekilde olunca hen\u00fcz mezun olmayan Bilgi ve Belge Y\u00f6netimi (BBY) \u00f6\u011frencilerinin tercih haklar\u0131 engellenmi\u015f oldu.<\/p>\n","protected":false},"author":1,"featured_media":0,"comment_status":"open","ping_status":"open","sticky":false,"template":"","format":"standard","meta":{"footnotes":""},"categories":[1512,31],"tags":[1398],"class_list":["post-16021","post","type-post","status-publish","format-standard","hentry","category-2015-1-bby-kpss-kadrolari","category-bbykpss","tag-bby-ozluk-haklari"],"_links":{"self":[{"href":"https:\/\/www.bbyhaber.com\/bby\/wp-json\/wp\/v2\/posts\/16021"}],"collection":[{"href":"https:\/\/www.bbyhaber.com\/bby\/wp-json\/wp\/v2\/posts"}],"about":[{"href":"https:\/\/www.bbyhaber.com\/bby\/wp-json\/wp\/v2\/types\/post"}],"author":[{"embeddable":true,"href":"https:\/\/www.bbyhaber.com\/bby\/wp-json\/wp\/v2\/users\/1"}],"replies":[{"embeddable":true,"href":"https:\/\/www.bbyhaber.com\/bby\/wp-json\/wp\/v2\/comments?post=16021"}],"version-history":[{"count":0,"href":"https:\/\/www.bbyhaber.com\/bby\/wp-json\/wp\/v2\/posts\/16021\/revisions"}],"wp:attachment":[{"href":"https:\/\/www.bbyhaber.com\/bby\/wp-json\/wp\/v2\/media?parent=16021"}],"wp:term":[{"taxonomy":"category","embeddable":true,"href":"https:\/\/www.bbyhaber.com\/bby\/wp-json\/wp\/v2\/categories?post=16021"},{"taxonomy":"post_tag","embeddable":true,"href":"https:\/\/www.bbyhaber.com\/bby\/wp-json\/wp\/v2\/tags?post=16021"}],"curies":[{"name":"wp","href":"https:\/\/api.w.org\/{rel}","templated":true}]}}