{"id":16009,"date":"2015-01-28T16:12:50","date_gmt":"2015-01-28T14:12:50","guid":{"rendered":"http:\/\/www.bbyhaber.com\/bby\/?p=16009"},"modified":"2015-01-28T20:37:53","modified_gmt":"2015-01-28T18:37:53","slug":"2015-kpss-tercih-takvimleri-aciklandi","status":"publish","type":"post","link":"https:\/\/www.bbyhaber.com\/bby\/2015\/01\/28\/2015-kpss-tercih-takvimleri-aciklandi","title":{"rendered":"2015 KPSS tercih takvimleri a\u00e7\u0131kland\u0131"},"content":{"rendered":"<p style=\"text-align: justify;\"><img loading=\"lazy\" decoding=\"async\" class=\"alignleft\" src=\"http:\/\/www.bbyhaber.com\/bby\/wp-content\/uploads\/dosyalar\/kpss\/resimler\/bbykpss.jpg\" alt=\"\" width=\"153\" height=\"153\" \/>2015 KPSS tercih takvimleri a\u00e7\u0131kland\u0131, a\u015fa\u011f\u0131daki gibidir. KPSS i\u00e7in yerle\u015ftirme talebinde bulunacak kamu kurum ve kurulu\u015flar\u0131 E-Uygulama \u00fczerinden yerle\u015ftirme taleplerini Ba\u015fkanl\u0131\u011f\u0131m\u0131za ileteceklerdir. KPSS takviminde aksama ya\u015fanmamas\u0131 i\u00e7in kamu kurum ve kurulu\u015flar\u0131 KPSS yerle\u015ftirme taleplerine ili\u015fkin \u00fcst yaz\u0131 ve E-Uygulama \u00fczerinden alacaklar\u0131 raporu 20 Mart 2015 tarihine kadar Ba\u015fkanl\u0131\u011f\u0131m\u0131z evrak\u0131nda olacak \u015fekilde ula\u015ft\u0131rmalar\u0131; ula\u015ft\u0131ramamalar\u0131 ihtimaline kar\u015f\u0131 ilgili yaz\u0131 ve raporu taratarak mail ortam\u0131nda ilgili personele g\u00f6ndermeleri gerekmektedir.<!--more--><\/p>\n<table width=\"519\" border=\"1\" cellspacing=\"0\" cellpadding=\"0\">\n<tbody>\n<tr>\n<td colspan=\"3\" valign=\"top\" width=\"600\">\n<p align=\"center\"><span style=\"color: #0000ff;\"><strong>2015 KPSS Yerle\u015ftirme Takvimi<\/strong><\/span><\/p>\n<\/td>\n<\/tr>\n<tr>\n<td valign=\"top\" width=\"198\"><\/td>\n<td valign=\"top\" width=\"201\">\n<p align=\"center\">DPB taraf\u0131ndan kamu kurum ve kurulu\u015flar\u0131ndan yerle\u015ftirme taleplerinin toplanmas\u0131<\/p>\n<\/td>\n<td width=\"208\">\n<p align=\"center\">\u00d6SYM Ba\u015fkanl\u0131\u011f\u0131nca tercihlerin al\u0131nmas\u0131<\/p>\n<\/td>\n<\/tr>\n<tr>\n<td width=\"198\"><span style=\"color: #ff0000;\">KPSS 1. Yerle\u015ftirme<\/span><\/td>\n<td width=\"201\">\n<p align=\"center\"><span style=\"color: #000000;\"><span style=\"color: #000000;\">01 Ocak &#8211; 20 Mart 2015<\/span><\/span><\/p>\n<\/td>\n<td width=\"208\">\n<p align=\"center\"><span style=\"color: #ff0000;\"><strong>16 &#8211; 24 Nisan 2015<\/strong><\/span><\/p>\n<\/td>\n<\/tr>\n<tr>\n<td width=\"198\"><span style=\"color: #0000ff;\">KPSS 2. Yerle\u015ftirme<\/span><del><span style=\"color: #000000;\"><br style=\"color: #000000;\" \/> <\/span><\/del><\/td>\n<td width=\"201\">\n<p align=\"center\">10 A\u011fustos &#8211; 09 Ekim 2015<\/p>\n<\/td>\n<td width=\"208\">\n<p align=\"center\"><span style=\"color: #0000ff;\"><strong>16 &#8211; 25 Kas\u0131m 2015<\/strong><\/span><\/p>\n<\/td>\n<\/tr>\n<\/tbody>\n<\/table>\n<p>Kaynak: http:\/\/www.dpb.gov.tr\/<\/p>\n","protected":false},"excerpt":{"rendered":"<p>2015 KPSS tercih takvimleri a\u00e7\u0131kland\u0131, a\u015fa\u011f\u0131daki gibidir. KPSS i\u00e7in yerle\u015ftirme talebinde bulunacak kamu kurum ve kurulu\u015flar\u0131 E-Uygulama \u00fczerinden yerle\u015ftirme taleplerini Ba\u015fkanl\u0131\u011f\u0131m\u0131za ileteceklerdir. KPSS takviminde aksama ya\u015fanmamas\u0131 i\u00e7in kamu kurum ve kurulu\u015flar\u0131 KPSS yerle\u015ftirme taleplerine ili\u015fkin \u00fcst yaz\u0131 ve E-Uygulama \u00fczerinden alacaklar\u0131 raporu 20 Mart 2015 tarihine kadar Ba\u015fkanl\u0131\u011f\u0131m\u0131z evrak\u0131nda olacak \u015fekilde ula\u015ft\u0131rmalar\u0131; ula\u015ft\u0131ramamalar\u0131 ihtimaline kar\u015f\u0131 [&hellip;]<\/p>\n","protected":false},"author":1,"featured_media":0,"comment_status":"open","ping_status":"open","sticky":false,"template":"","format":"standard","meta":{"footnotes":""},"categories":[1512,31,1],"tags":[],"class_list":["post-16009","post","type-post","status-publish","format-standard","hentry","category-2015-1-bby-kpss-kadrolari","category-bbykpss","category-genel"],"_links":{"self":[{"href":"https:\/\/www.bbyhaber.com\/bby\/wp-json\/wp\/v2\/posts\/16009"}],"collection":[{"href":"https:\/\/www.bbyhaber.com\/bby\/wp-json\/wp\/v2\/posts"}],"about":[{"href":"https:\/\/www.bbyhaber.com\/bby\/wp-json\/wp\/v2\/types\/post"}],"author":[{"embeddable":true,"href":"https:\/\/www.bbyhaber.com\/bby\/wp-json\/wp\/v2\/users\/1"}],"replies":[{"embeddable":true,"href":"https:\/\/www.bbyhaber.com\/bby\/wp-json\/wp\/v2\/comments?post=16009"}],"version-history":[{"count":0,"href":"https:\/\/www.bbyhaber.com\/bby\/wp-json\/wp\/v2\/posts\/16009\/revisions"}],"wp:attachment":[{"href":"https:\/\/www.bbyhaber.com\/bby\/wp-json\/wp\/v2\/media?parent=16009"}],"wp:term":[{"taxonomy":"category","embeddable":true,"href":"https:\/\/www.bbyhaber.com\/bby\/wp-json\/wp\/v2\/categories?post=16009"},{"taxonomy":"post_tag","embeddable":true,"href":"https:\/\/www.bbyhaber.com\/bby\/wp-json\/wp\/v2\/tags?post=16009"}],"curies":[{"name":"wp","href":"https:\/\/api.w.org\/{rel}","templated":true}]}}