{"id":16002,"date":"2015-01-28T09:05:05","date_gmt":"2015-01-28T07:05:05","guid":{"rendered":"http:\/\/www.bbyhaber.com\/bby\/?p=16002"},"modified":"2015-01-28T09:05:05","modified_gmt":"2015-01-28T07:05:05","slug":"milli-kutuphane-baskanligindan-yurt-disina-kitap-destegi","status":"publish","type":"post","link":"https:\/\/www.bbyhaber.com\/bby\/2015\/01\/28\/milli-kutuphane-baskanligindan-yurt-disina-kitap-destegi","title":{"rendered":"Milli K\u00fct\u00fcphane Ba\u015fkanl\u0131\u011f\u0131&#8217;ndan yurt d\u0131\u015f\u0131na kitap deste\u011fi"},"content":{"rendered":"<p style=\"text-align: justify;\"><img loading=\"lazy\" decoding=\"async\" class=\"alignleft\" src=\"http:\/\/www.bbyhaber.com\/bby\/wp-content\/uploads\/2015\/01\/milli-kutuphane.jpg\" alt=\"\" width=\"300\" height=\"160\" \/>K\u00fclt\u00fcr ve Turizm Bakan\u0131 \u00d6mer \u00c7elik, Milli K\u00fct\u00fcphane Ba\u015fkanl\u0131\u011f\u0131n\u0131n ge\u00e7en y\u0131l 41 \u00fclkeye 32 bin 414 eser ula\u015ft\u0131rd\u0131\u011f\u0131n\u0131 bildirdi. Bakanl\u0131ktan yap\u0131lan yaz\u0131l\u0131 a\u00e7\u0131klamaya g\u00f6re, 2014&#8217;te yurtd\u0131\u015f\u0131ndaki k\u00fclt\u00fcr m\u00fc\u015favirlikleri, el\u00e7ilikler, T\u00fcrkoloji enstit\u00fcleri, milli k\u00fct\u00fcphaneler ve hatta akademisyenlerin talepleri do\u011frultusunda g\u00f6nderilen eser ve \u00fclke say\u0131s\u0131 3 kat artt\u0131. Yurtd\u0131\u015f\u0131 tan\u0131t\u0131m f\u0131rsat\u0131 olarak g\u00f6rd\u00fc\u011f\u00fc m\u00fcbadele ve ba\u011f\u0131\u015f faaliyetlerini kesintisiz bir bi\u00e7imde s\u00fcrd\u00fcren Milli K\u00fct\u00fcphane Ba\u015fkanl\u0131\u011f\u0131, 41 \u00fclkeye 32 bin 414 eser g\u00f6nderdi.<!--more--><\/p>\n<p style=\"text-align: justify;\">A\u00e7\u0131klamada konuya ili\u015fkin de\u011ferlendirmelerine yer verilen K\u00fclt\u00fcr ve Turizm Bakan\u0131 \u00d6mer \u00c7elik, \u00e7al\u0131\u015fmalar sonucunda yeniden ar\u015five kazand\u0131r\u0131lan kitaplar\u0131n, bir yandan milli de\u011ferlerin ve halk k\u00fclt\u00fcr\u00fcn\u00fcn d\u00fcnyaya a\u00e7\u0131lmas\u0131n\u0131 sa\u011flad\u0131\u011f\u0131n\u0131 \u00f6te yandan T\u00fcrkiye&#8217;nin tan\u0131t\u0131m\u0131nda \u00f6nemli rol \u00fcstlendi\u011fini belirtti.Milli K\u00fct\u00fcphane Ba\u015fkanl\u0131\u011f\u0131n\u0131n, k\u00fclt\u00fcrel zenginliklerin ara\u015ft\u0131r\u0131larak ortaya \u00e7\u0131kar\u0131lmas\u0131 ve korumaya al\u0131nmas\u0131na y\u00f6nelik sorumlulu\u011fu hassasiyetle ta\u015f\u0131d\u0131\u011f\u0131n\u0131 belirten \u00c7elik, \u015funlar\u0131 kaydetti:<\/p>\n<p style=\"text-align: justify;\">&#8220;Ba\u015fkanl\u0131k talepler do\u011frultusunda m\u00fcbadele ve ba\u011f\u0131\u015f y\u00f6ntemleriyle yurtd\u0131\u015f\u0131na eserler g\u00f6nderiyor. Bu talepler kimi zaman k\u00fclt\u00fcr m\u00fc\u015favirliklerimizden, el\u00e7iliklerimizden kimi zaman T\u00fcrkoloji enstit\u00fcleri, milli k\u00fct\u00fcphanelerden ya da akademisyenlerden geliyor. G\u00f6nderilecek eserler sat\u0131n alma ve elimizdeki fazla eserlerden se\u00e7ilmesi sonucunda bir liste olu\u015fturularak ger\u00e7ekle\u015ftiriliyor. M\u00fcbadele listelerinin i\u015fbirli\u011fi halindeki payda\u015flar\u0131m\u0131za g\u00f6nderilmesi sonucu gelen taleplerin kar\u015f\u0131lanmas\u0131 sa\u011flan\u0131yor. Ba\u011f\u0131\u015f faaliyetleri ise daha geni\u015f kapsaml\u0131 ve daha fazla say\u0131da yap\u0131l\u0131yor. Ayr\u0131ca ara\u015ft\u0131rmac\u0131lardan, bilim insanlar\u0131ndan gelen talepler neticesinde listelerimizde bulunmayan eserlerin temini yoluna gidiliyor. Bu kapsamda 2013&#8217;te 16 farkl\u0131 \u00fclkeye 9 bin 281 eser yolland\u0131. Bu say\u0131 kaynak g\u00f6nderilen \u00fclke ve eser olarak 2014&#8217;te b\u00fcy\u00fck bir ivme kazand\u0131. \u00dclke baz\u0131nda 41&#8217;e, eser baz\u0131nda 32 bin 414 rakam\u0131na ula\u015f\u0131ld\u0131.&#8221;<\/p>\n<p style=\"text-align: justify;\"><strong>-K\u00fct\u00fcphanecilikte uluslararas\u0131 i\u015fbirli\u011fi<\/strong><\/p>\n<p style=\"text-align: justify;\">Bakan \u00c7elik, Milli K\u00fct\u00fcphane Ba\u015fkanl\u0131\u011f\u0131n\u0131n bu t\u00fcr etkinlikleri daha geni\u015f kapsamda s\u00fcrd\u00fcrebilmek i\u00e7in k\u00fct\u00fcphanecilik \u00e7al\u0131\u015fmalar\u0131, bilgi payla\u015f\u0131m\u0131, personel de\u011fi\u015fimi gibi alanlarda uluslararas\u0131 d\u00fczeyde i\u015fbirli\u011fini geli\u015ftirmeye y\u00f6nelik yabanc\u0131 kamu kurum ve kurulu\u015flar\u0131yla mutabakat zab\u0131tlar\u0131 da imzalad\u0131\u011f\u0131n\u0131 bildirdi. Bu ba\u011flamda 2014&#8217;te ikili i\u015fbirli\u011fi ve ortakl\u0131k protokol\u00fc ad\u0131yla 11 anla\u015fma imzaland\u0131\u011f\u0131n\u0131 a\u00e7\u0131klayan \u00c7elik, \u015fu de\u011ferlendirmelerde bulundu: &#8220;Milli K\u00fct\u00fcphane Ba\u015fkanl\u0131\u011f\u0131 ayr\u0131ca daha etkin hizmet verebilmek i\u00e7in yurtd\u0131\u015f\u0131nda etkin bir yap\u0131lanmas\u0131 olan T\u0130KA ile tarihi, co\u011frafi, sosyal ve k\u00fclt\u00fcrel ba\u011flar\u0131m\u0131z\u0131n bulundu\u011fu \u00fclkelerle ortak i\u015fbirli\u011fi yapmak, bu \u00fclkelerdeki ta\u015f\u0131n\u0131r k\u00fclt\u00fcr varl\u0131klar\u0131m\u0131z\u0131n envanterini \u00e7\u0131karmak, kataloglar\u0131n\u0131 yay\u0131nlamak, dijital kopyalar\u0131n\u0131 almak, kar\u015f\u0131l\u0131kl\u0131 k\u00fct\u00fcphanecilik faaliyetlerini ger\u00e7ekle\u015ftirmek \u00fczere bir i\u015fbirli\u011fi protokol\u00fc imzalad\u0131.&#8221;<\/p>\n<p style=\"text-align: justify;\">\u00c7elik, bu protokolle Milli K\u00fct\u00fcphanenin yurtd\u0131\u015f\u0131na g\u00f6nderilecek eserlerin se\u00e7imini ve teminini, T\u0130KA&#8217;n\u0131n ise s\u00f6z konusu eserlerin yurtd\u0131\u015f\u0131ndaki adreslerine ula\u015ft\u0131r\u0131lmas\u0131n\u0131 sa\u011flayaca\u011f\u0131n\u0131 ifade etti. T\u00fcrkiye&#8217;nin Almanya Frankfurt K\u00fclt\u00fcr ve Turizm M\u00fc\u015favirli\u011finden gelen talep neticesinde 14 farkl\u0131 \u015fehirdeki dernek, vak\u0131f, hapishane, k\u00fct\u00fcphane gibi birimlere da\u011f\u0131t\u0131lmak amac\u0131yla 14 bin 395 kitab\u0131n se\u00e7imi, tasnifi ve kutulanmas\u0131 i\u015flemlerinin Ba\u015fkanl\u0131k taraf\u0131ndan tamamland\u0131\u011f\u0131n\u0131 kaydeden \u00c7elik, T\u0130KA&#8217;n\u0131n da bu eserlerin yurtd\u0131\u015f\u0131na naklini ger\u00e7ekle\u015ftirece\u011fini belirtti. \u00c7elik, konu tarihi ve k\u00fclt\u00fcrel zenginliklerin g\u00fcvence alt\u0131na al\u0131nmas\u0131, insanl\u0131k miras\u0131na kazand\u0131r\u0131lmas\u0131 olunca \u00e7ok y\u00f6nl\u00fc d\u00fc\u015f\u00fcn\u00fcp, \u00e7ok y\u00f6nl\u00fc hareket ettiklerinin ve engel tan\u0131madan gece, g\u00fcnd\u00fcz \u00e7al\u0131\u015ft\u0131klar\u0131n\u0131n alt\u0131n\u0131 \u00e7izdi.<\/p>\n<p style=\"text-align: justify;\">Kaynak:http:\/\/www.haber3.com\/m<\/p>\n","protected":false},"excerpt":{"rendered":"<p>K\u00fclt\u00fcr ve Turizm Bakan\u0131 \u00d6mer \u00c7elik, Milli K\u00fct\u00fcphane Ba\u015fkanl\u0131\u011f\u0131n\u0131n ge\u00e7en y\u0131l 41 \u00fclkeye 32 bin 414 eser ula\u015ft\u0131rd\u0131\u011f\u0131n\u0131 bildirdi. Bakanl\u0131ktan yap\u0131lan yaz\u0131l\u0131 a\u00e7\u0131klamaya g\u00f6re, 2014&#8217;te yurtd\u0131\u015f\u0131ndaki k\u00fclt\u00fcr m\u00fc\u015favirlikleri, el\u00e7ilikler, T\u00fcrkoloji enstit\u00fcleri, milli k\u00fct\u00fcphaneler ve hatta akademisyenlerin talepleri do\u011frultusunda g\u00f6nderilen eser ve \u00fclke say\u0131s\u0131 3 kat artt\u0131. Yurtd\u0131\u015f\u0131 tan\u0131t\u0131m f\u0131rsat\u0131 olarak g\u00f6rd\u00fc\u011f\u00fc m\u00fcbadele ve ba\u011f\u0131\u015f faaliyetlerini [&hellip;]<\/p>\n","protected":false},"author":1,"featured_media":0,"comment_status":"open","ping_status":"open","sticky":false,"template":"","format":"standard","meta":{"footnotes":""},"categories":[1475,1],"tags":[],"class_list":["post-16002","post","type-post","status-publish","format-standard","hentry","category-ankara-milli-kutuphane","category-genel"],"_links":{"self":[{"href":"https:\/\/www.bbyhaber.com\/bby\/wp-json\/wp\/v2\/posts\/16002"}],"collection":[{"href":"https:\/\/www.bbyhaber.com\/bby\/wp-json\/wp\/v2\/posts"}],"about":[{"href":"https:\/\/www.bbyhaber.com\/bby\/wp-json\/wp\/v2\/types\/post"}],"author":[{"embeddable":true,"href":"https:\/\/www.bbyhaber.com\/bby\/wp-json\/wp\/v2\/users\/1"}],"replies":[{"embeddable":true,"href":"https:\/\/www.bbyhaber.com\/bby\/wp-json\/wp\/v2\/comments?post=16002"}],"version-history":[{"count":0,"href":"https:\/\/www.bbyhaber.com\/bby\/wp-json\/wp\/v2\/posts\/16002\/revisions"}],"wp:attachment":[{"href":"https:\/\/www.bbyhaber.com\/bby\/wp-json\/wp\/v2\/media?parent=16002"}],"wp:term":[{"taxonomy":"category","embeddable":true,"href":"https:\/\/www.bbyhaber.com\/bby\/wp-json\/wp\/v2\/categories?post=16002"},{"taxonomy":"post_tag","embeddable":true,"href":"https:\/\/www.bbyhaber.com\/bby\/wp-json\/wp\/v2\/tags?post=16002"}],"curies":[{"name":"wp","href":"https:\/\/api.w.org\/{rel}","templated":true}]}}