{"id":15997,"date":"2015-01-23T16:07:11","date_gmt":"2015-01-23T14:07:11","guid":{"rendered":"http:\/\/www.bbyhaber.com\/bby\/?p=15997"},"modified":"2015-01-23T16:10:14","modified_gmt":"2015-01-23T14:10:14","slug":"kutuphaneciler-usta-yazar-yasar-kemal%e2%80%99i-ziyaret-etti","status":"publish","type":"post","link":"https:\/\/www.bbyhaber.com\/bby\/2015\/01\/23\/kutuphaneciler-usta-yazar-yasar-kemal%e2%80%99i-ziyaret-etti","title":{"rendered":"K\u00fct\u00fcphaneciler Usta Yazar Ya\u015far Kemal\u2019i ziyaret etti"},"content":{"rendered":"<p style=\"text-align: justify;\"><a href=\"http:\/\/www.bbyhaber.com\/bby\/wp-content\/uploads\/2015\/01\/yk5.JPG\"><img loading=\"lazy\" decoding=\"async\" class=\"alignleft\" src=\"http:\/\/www.bbyhaber.com\/bby\/wp-content\/uploads\/2015\/01\/yk5.JPG\" alt=\"\" width=\"150\" height=\"150\" \/><\/a>23 Ocak 2015 Cuma g\u00fcn\u00fc saat 14.00&#8217;de T\u00fcrk K\u00fct\u00fcphaneciler Derne\u011fi Genel Merkezi, \u0130stanbul \u015eubesi ve Okul K\u00fct\u00fcphanecileri Derne\u011fi T\u00fcrk Edebiyat\u0131n\u0131n ulu \u00e7\u0131nar\u0131 yazar Ya\u015far Kemal\u2019i bir haftad\u0131r yo\u011fun bak\u0131mda yatt\u0131\u011f\u0131 hastanede ziyaret etti. Hastane yetkililerinden yazar\u0131n sa\u011fl\u0131k durumu hakk\u0131nda bilgi alarak Ya\u015far Kemal i\u00e7in a\u00e7\u0131lan ziyaret\u00e7i defteri imzaland\u0131.<!--more--><\/p>\n<p style=\"text-align: justify;\">K\u00fct\u00fcphaneciler ziyaret sonras\u0131 usta yazar Ya\u015far Kemal\u2019e \u015fifa niyetine hastane bah\u00e7esinde yanlar\u0131nda getirdi\u011fi Ya\u015far Kemal kitaplar\u0131n\u0131 okudu. Kitaplar\u0131n ve edebiyat\u0131n iyile\u015ftirici g\u00fcc\u00fcyle ve usta yazar\u0131n kahramanlar\u0131yla yazara seslenerek acil \u015fifalar diledi. Kitaplar okunurken gazete ve televizyoncular\u0131n sorular\u0131 yan\u0131tland\u0131.<\/p>\n<p style=\"text-align: justify;\">Ayd\u0131n \u0130leri<br \/>\nT\u00fcrk K\u00fct\u00fcphaneciler Derne\u011fi Genel Ba\u015fkan Yard\u0131mc\u0131s\u0131<br \/>\nOkul K\u00fct\u00fcphanecileri Derne\u011fi Ba\u015fkan<\/p>\n<p style=\"text-align: justify;\"><a href=\"http:\/\/www.bbyhaber.com\/bby\/wp-content\/uploads\/2015\/01\/yk1.JPG\"><img loading=\"lazy\" decoding=\"async\" class=\"alignnone\" src=\"http:\/\/www.bbyhaber.com\/bby\/wp-content\/uploads\/2015\/01\/yk1.JPG\" alt=\"\" width=\"150\" height=\"150\" \/><\/a> <a href=\"http:\/\/www.bbyhaber.com\/bby\/wp-content\/uploads\/2015\/01\/yk2.JPG\"><img loading=\"lazy\" decoding=\"async\" class=\"alignnone\" src=\"http:\/\/www.bbyhaber.com\/bby\/wp-content\/uploads\/2015\/01\/yk2.JPG\" alt=\"\" width=\"150\" height=\"150\" \/><\/a><\/p>\n<p style=\"text-align: justify;\"><a href=\"http:\/\/www.bbyhaber.com\/bby\/wp-content\/uploads\/2015\/01\/yk3.JPG\"><img loading=\"lazy\" decoding=\"async\" class=\"alignnone\" src=\"http:\/\/www.bbyhaber.com\/bby\/wp-content\/uploads\/2015\/01\/yk3.JPG\" alt=\"\" width=\"150\" height=\"150\" \/><\/a> <a href=\"http:\/\/www.bbyhaber.com\/bby\/wp-content\/uploads\/2015\/01\/yk4.JPG\"><img loading=\"lazy\" decoding=\"async\" class=\"alignnone\" src=\"http:\/\/www.bbyhaber.com\/bby\/wp-content\/uploads\/2015\/01\/yk4.JPG\" alt=\"\" width=\"150\" height=\"150\" \/><\/a><\/p>\n<p style=\"text-align: justify;\">\n","protected":false},"excerpt":{"rendered":"<p>23 Ocak 2015 Cuma g\u00fcn\u00fc saat 14.00&#8217;de T\u00fcrk K\u00fct\u00fcphaneciler Derne\u011fi Genel Merkezi, \u0130stanbul \u015eubesi ve Okul K\u00fct\u00fcphanecileri Derne\u011fi T\u00fcrk Edebiyat\u0131n\u0131n ulu \u00e7\u0131nar\u0131 yazar Ya\u015far Kemal\u2019i bir haftad\u0131r yo\u011fun bak\u0131mda yatt\u0131\u011f\u0131 hastanede ziyaret etti. Hastane yetkililerinden yazar\u0131n sa\u011fl\u0131k durumu hakk\u0131nda bilgi alarak Ya\u015far Kemal i\u00e7in a\u00e7\u0131lan ziyaret\u00e7i defteri imzaland\u0131.<\/p>\n","protected":false},"author":1,"featured_media":0,"comment_status":"open","ping_status":"open","sticky":false,"template":"","format":"standard","meta":{"footnotes":""},"categories":[1],"tags":[667],"class_list":["post-15997","post","type-post","status-publish","format-standard","hentry","category-genel","tag-yasar-kemal"],"_links":{"self":[{"href":"https:\/\/www.bbyhaber.com\/bby\/wp-json\/wp\/v2\/posts\/15997"}],"collection":[{"href":"https:\/\/www.bbyhaber.com\/bby\/wp-json\/wp\/v2\/posts"}],"about":[{"href":"https:\/\/www.bbyhaber.com\/bby\/wp-json\/wp\/v2\/types\/post"}],"author":[{"embeddable":true,"href":"https:\/\/www.bbyhaber.com\/bby\/wp-json\/wp\/v2\/users\/1"}],"replies":[{"embeddable":true,"href":"https:\/\/www.bbyhaber.com\/bby\/wp-json\/wp\/v2\/comments?post=15997"}],"version-history":[{"count":0,"href":"https:\/\/www.bbyhaber.com\/bby\/wp-json\/wp\/v2\/posts\/15997\/revisions"}],"wp:attachment":[{"href":"https:\/\/www.bbyhaber.com\/bby\/wp-json\/wp\/v2\/media?parent=15997"}],"wp:term":[{"taxonomy":"category","embeddable":true,"href":"https:\/\/www.bbyhaber.com\/bby\/wp-json\/wp\/v2\/categories?post=15997"},{"taxonomy":"post_tag","embeddable":true,"href":"https:\/\/www.bbyhaber.com\/bby\/wp-json\/wp\/v2\/tags?post=15997"}],"curies":[{"name":"wp","href":"https:\/\/api.w.org\/{rel}","templated":true}]}}