{"id":15987,"date":"2015-01-22T14:42:13","date_gmt":"2015-01-22T12:42:13","guid":{"rendered":"http:\/\/www.bbyhaber.com\/bby\/?p=15987"},"modified":"2015-01-22T14:42:13","modified_gmt":"2015-01-22T12:42:13","slug":"kutuphaneciler-usta-yazar-yasar-kemal%e2%80%99i-ziyarete-gidiyor","status":"publish","type":"post","link":"https:\/\/www.bbyhaber.com\/bby\/2015\/01\/22\/kutuphaneciler-usta-yazar-yasar-kemal%e2%80%99i-ziyarete-gidiyor","title":{"rendered":"K\u00fct\u00fcphaneciler Usta Yazar Ya\u015far Kemal\u2019i ziyarete gidiyor"},"content":{"rendered":"<p style=\"text-align: justify;\"><strong><img loading=\"lazy\" decoding=\"async\" class=\"alignleft\" src=\"http:\/\/www.bbyhaber.com\/bby\/wp-content\/uploads\/2015\/01\/yasar-kemal-tkd-ziyaret.jpg\" alt=\"\" width=\"251\" height=\"139\" \/>T\u00fcrk K\u00fct\u00fcphaneciler Derne\u011fi (TKD) Genel Merkezi<\/strong>, <strong>TKD \u0130stanbul \u015eubesi<\/strong> ve <strong>Okul K\u00fct\u00fcphanecileri Derne\u011fi<\/strong> T\u00fcrk Edebiyat\u0131n\u0131n ulu \u00e7\u0131nar\u0131 yazar <strong>Ya\u015far Kemal<\/strong>\u2019i bir haftad\u0131r yo\u011fun bak\u0131mda yatt\u0131\u011f\u0131 hastanede ziyarete gidiyor. Ziyaret sonras\u0131 usta yazar Ya\u015far Kemal\u2019e \u015fifa niyetine hastane bah\u00e7esinde kendi kitaplar\u0131 okunacakt\u0131r; ktaplar\u0131n ve edebiyat\u0131n iyile\u015ftirici g\u00fcc\u00fcyle ve usta yazar\u0131n kahramanlar\u0131yla yazara seslenecekler.<!--more--><\/p>\n<p style=\"text-align: justify;\">Ziyaret t\u00fcm meslek camias\u0131na a\u00e7\u0131kt\u0131r. Ziyarete gelen t\u00fcm meslekta\u015flar\u0131n yanlar\u0131nda bir adet Ya\u015far Kemal kitab\u0131 ile gelmeleri rica olunur.<\/p>\n<p style=\"text-align: justify;\"><strong>Ziyaret tarihi ve saati:<\/strong><br \/>\n<strong><span style=\"color: #0000ff;\">23 Ocak Cuma 2015, saat: 14.00<\/span><\/strong><br \/>\n<strong>Toplanma yeri ve saati:<\/strong><br \/>\n<strong>\u0130stanbul \u00dcniversitesi T\u0131p Fak\u00fcltesi giri\u015fi (\u00c7apa) saat: 13.45<\/strong><\/p>\n","protected":false},"excerpt":{"rendered":"<p>T\u00fcrk K\u00fct\u00fcphaneciler Derne\u011fi (TKD) Genel Merkezi, TKD \u0130stanbul \u015eubesi ve Okul K\u00fct\u00fcphanecileri Derne\u011fi T\u00fcrk Edebiyat\u0131n\u0131n ulu \u00e7\u0131nar\u0131 yazar Ya\u015far Kemal\u2019i bir haftad\u0131r yo\u011fun bak\u0131mda yatt\u0131\u011f\u0131 hastanede ziyarete gidiyor. Ziyaret sonras\u0131 usta yazar Ya\u015far Kemal\u2019e \u015fifa niyetine hastane bah\u00e7esinde kendi kitaplar\u0131 okunacakt\u0131r; ktaplar\u0131n ve edebiyat\u0131n iyile\u015ftirici g\u00fcc\u00fcyle ve usta yazar\u0131n kahramanlar\u0131yla yazara seslenecekler.<\/p>\n","protected":false},"author":1,"featured_media":0,"comment_status":"open","ping_status":"open","sticky":false,"template":"","format":"standard","meta":{"footnotes":""},"categories":[1],"tags":[667],"class_list":["post-15987","post","type-post","status-publish","format-standard","hentry","category-genel","tag-yasar-kemal"],"_links":{"self":[{"href":"https:\/\/www.bbyhaber.com\/bby\/wp-json\/wp\/v2\/posts\/15987"}],"collection":[{"href":"https:\/\/www.bbyhaber.com\/bby\/wp-json\/wp\/v2\/posts"}],"about":[{"href":"https:\/\/www.bbyhaber.com\/bby\/wp-json\/wp\/v2\/types\/post"}],"author":[{"embeddable":true,"href":"https:\/\/www.bbyhaber.com\/bby\/wp-json\/wp\/v2\/users\/1"}],"replies":[{"embeddable":true,"href":"https:\/\/www.bbyhaber.com\/bby\/wp-json\/wp\/v2\/comments?post=15987"}],"version-history":[{"count":0,"href":"https:\/\/www.bbyhaber.com\/bby\/wp-json\/wp\/v2\/posts\/15987\/revisions"}],"wp:attachment":[{"href":"https:\/\/www.bbyhaber.com\/bby\/wp-json\/wp\/v2\/media?parent=15987"}],"wp:term":[{"taxonomy":"category","embeddable":true,"href":"https:\/\/www.bbyhaber.com\/bby\/wp-json\/wp\/v2\/categories?post=15987"},{"taxonomy":"post_tag","embeddable":true,"href":"https:\/\/www.bbyhaber.com\/bby\/wp-json\/wp\/v2\/tags?post=15987"}],"curies":[{"name":"wp","href":"https:\/\/api.w.org\/{rel}","templated":true}]}}