{"id":15944,"date":"2015-01-17T16:52:26","date_gmt":"2015-01-17T14:52:26","guid":{"rendered":"http:\/\/www.bbyhaber.com\/bby\/?p=15944"},"modified":"2016-01-27T11:14:51","modified_gmt":"2016-01-27T09:14:51","slug":"unak-11-olagan-genel-kurul-sonuclari","status":"publish","type":"post","link":"https:\/\/www.bbyhaber.com\/bby\/2015\/01\/17\/unak-11-olagan-genel-kurul-sonuclari","title":{"rendered":"\u00dcNAK 11. Ola\u011fan Genel Kurul Sonu\u00e7lar\u0131"},"content":{"rendered":"<p style=\"text-align: justify;\"><img loading=\"lazy\" decoding=\"async\" class=\"alignleft\" src=\"http:\/\/www.bbyhaber.com\/bby\/wp-content\/uploads\/2014\/12\/unak.jpg\" alt=\"\" width=\"194\" height=\"108\" data-mce-selected=\"1\" \/>2014 y\u0131l\u0131 i\u00e7erisinde yap\u0131lamayan \u00dcniversite ve Ara\u015ft\u0131rma K\u00fct\u00fcphanecileri Derne\u011fi 11. Ola\u011fan Genel Kurulu 10 OCAK 2015 tarihinde ger\u00e7ekle\u015ftirilmi\u015ftir. 11. ola\u011fan Genel Kurul sonu\u00e7lar\u0131na g\u00f6re yeni \u00dcNAK Y\u00f6netim ve Denetim kurullar\u0131 a\u015fa\u011f\u0131daki gibi olu\u015fmu\u015ftur.<!--more--><\/p>\n<p><em><strong>Y\u00f6netim Kurulu<\/strong><\/em><\/p>\n<p>M. Fatih KUMSEL Ba\u015fkan<br \/>\nNil\u00fcfer SAROS Ba\u015fkan Yard\u0131mc\u0131s\u0131<br \/>\nMustafa BAYTER Ba\u015fkan Yard\u0131mc\u0131s\u0131<br \/>\nH. Murat Y\u00dcCEL Sayman<br \/>\nSerhat BAYTUR Yazman<br \/>\n\u00d6mer ORHAN Genel Sekreter<br \/>\nNermin \u00c7AKMAK \u00dcye<\/p>\n<p><em><strong>Y\u00f6netim Kurulu Yedek \u00dcyeleri<\/strong><\/em><\/p>\n<p>Ay\u015fen K\u00dcY\u00dcK<br \/>\nG\u00fczide \u00d6ZEN<br \/>\nSomer B\u00dcY\u00dcKKAN<br \/>\nDidem ARDANU\u00c7<br \/>\nSerpil DOKUZER<\/p>\n<p><em><strong>Denetim Kurulu<\/strong><\/em><\/p>\n<p>Ebru KAYA<br \/>\nH\u00fcseyin K\u00d6RPEO\u011eLU<br \/>\n\u015eeyda AYTEM<\/p>\n<p><em><strong>Denetleme Kurulu Yedek \u00dcyeleri<\/strong><\/em><\/p>\n<p>Nazl\u0131 ALKAN<br \/>\nFatih RUKANCI<br \/>\nEmine BA\u015eTAV<\/p>\n","protected":false},"excerpt":{"rendered":"<p>2014 y\u0131l\u0131 i\u00e7erisinde yap\u0131lamayan \u00dcniversite ve Ara\u015ft\u0131rma K\u00fct\u00fcphanecileri Derne\u011fi 11. Ola\u011fan Genel Kurulu 10 OCAK 2015 tarihinde ger\u00e7ekle\u015ftirilmi\u015ftir. 11. ola\u011fan Genel Kurul sonu\u00e7lar\u0131na g\u00f6re yeni \u00dcNAK Y\u00f6netim ve Denetim kurullar\u0131 a\u015fa\u011f\u0131daki gibi olu\u015fmu\u015ftur.<\/p>\n","protected":false},"author":129,"featured_media":0,"comment_status":"open","ping_status":"open","sticky":false,"template":"","format":"standard","meta":{"footnotes":""},"categories":[1,1507],"tags":[],"class_list":["post-15944","post","type-post","status-publish","format-standard","hentry","category-genel","category-unak"],"_links":{"self":[{"href":"https:\/\/www.bbyhaber.com\/bby\/wp-json\/wp\/v2\/posts\/15944"}],"collection":[{"href":"https:\/\/www.bbyhaber.com\/bby\/wp-json\/wp\/v2\/posts"}],"about":[{"href":"https:\/\/www.bbyhaber.com\/bby\/wp-json\/wp\/v2\/types\/post"}],"author":[{"embeddable":true,"href":"https:\/\/www.bbyhaber.com\/bby\/wp-json\/wp\/v2\/users\/129"}],"replies":[{"embeddable":true,"href":"https:\/\/www.bbyhaber.com\/bby\/wp-json\/wp\/v2\/comments?post=15944"}],"version-history":[{"count":0,"href":"https:\/\/www.bbyhaber.com\/bby\/wp-json\/wp\/v2\/posts\/15944\/revisions"}],"wp:attachment":[{"href":"https:\/\/www.bbyhaber.com\/bby\/wp-json\/wp\/v2\/media?parent=15944"}],"wp:term":[{"taxonomy":"category","embeddable":true,"href":"https:\/\/www.bbyhaber.com\/bby\/wp-json\/wp\/v2\/categories?post=15944"},{"taxonomy":"post_tag","embeddable":true,"href":"https:\/\/www.bbyhaber.com\/bby\/wp-json\/wp\/v2\/tags?post=15944"}],"curies":[{"name":"wp","href":"https:\/\/api.w.org\/{rel}","templated":true}]}}