{"id":15942,"date":"2015-01-15T03:07:24","date_gmt":"2015-01-15T01:07:24","guid":{"rendered":"http:\/\/www.bbyhaber.com\/bby\/?p=15942"},"modified":"2015-01-17T03:16:54","modified_gmt":"2015-01-17T01:16:54","slug":"balkanlardaki-en-eski-kutuphane-478-yasinda","status":"publish","type":"post","link":"https:\/\/www.bbyhaber.com\/bby\/2015\/01\/15\/balkanlardaki-en-eski-kutuphane-478-yasinda","title":{"rendered":"Balkanlardaki En Eski K\u00fct\u00fcphane (478 Ya\u015f\u0131nda)"},"content":{"rendered":"<p><img loading=\"lazy\" decoding=\"async\" class=\"alignleft\" src=\"http:\/\/www.risaleajans.com\/Images\/gundem\/546_317_8e1c6213-balkanlardaki-en-eski-kutuphane.jpg\" alt=\"Balkanlardaki En Eski K\u00fct\u00fcphane \" width=\"275\" height=\"160\" data-mce-selected=\"1\" \/>Osmanl\u0131 d\u00f6neminde 1537 y\u0131l\u0131nda kurulan ve Balkanlar&#8217;daki en eski k\u00fct\u00fcphane olarak bilinen Gazi H\u00fcsrev Bey K\u00fct\u00fcphanesi, bug\u00fcn 478. y\u0131l\u0131n\u0131 kutluyor.<\/p>\n<p>Gazi H\u00fcsrev Bey K\u00fct\u00fcphanesi&#8217;nin 478. kurulu\u015f y\u0131l d\u00f6n\u00fcm\u00fc dolay\u0131s\u0131yla Gazi H\u00fcsrev Bey K\u00fct\u00fcphanesi&#8217;ni anlatan bir toplant\u0131 d\u00fczenlendi.<\/p>\n<p>Bosna Hersek \u0130slam Birli\u011fi Dini E\u011fitim Hizmetleri M\u00fcd\u00fcr\u00fc Amir Kari\u00e7 de Gazi H\u00fcsrev Bey K\u00fct\u00fcphanesi&#8217;nin sadece k\u00fct\u00fcphaneden ibaret olmad\u0131\u011f\u0131n\u0131, bu kurumda ortak k\u00fclt\u00fcrel miras\u0131n birle\u015fti\u011fini vurgusu yap\u0131ld\u0131..<!--more--><\/p>\n<p>K\u00fct\u00fcphanenin tarih boyunca Bosnal\u0131 vatanda\u015flar\u0131n k\u00fclt\u00fcr ideallerini en iyi \u015fekilde g\u00f6sterdi\u011fini anlatan Kari\u00e7, &#8220;Kimli\u011fimizi korumam\u0131zda bu k\u00fct\u00fcphanenin rol\u00fc b\u00fcy\u00fck. Gazi H\u00fcsrev Bey K\u00fct\u00fcphanesi insani bir projedir, \u00e7\u00fcnk\u00fc i\u00e7inde bulundurdu\u011fu hazine en ba\u015f\u0131ndan beri hep insanla ilgiliydi&#8221; diyerek k\u00fct\u00fcphanenin misyonundan bahsetti.<\/p>\n<p><strong>Gazi H\u00fcsrev Bey K\u00fct\u00fcphanesi <\/strong><\/p>\n<p>Ba\u015fkent Saraybosna&#8217;da bulunan ve Balkanlar&#8217;daki en eski k\u00fct\u00fcphane olarak bilinen Gazi H\u00fcsrev Bey K\u00fct\u00fcphanesi&#8217;nin yeni binas\u0131, ge\u00e7ti\u011fimiz y\u0131l 15 Ocak&#8217;ta hizmete a\u00e7\u0131lm\u0131\u015ft\u0131.<\/p>\n<p><em>10 B\u0130N EL YAZMASI ESERE SAH\u0130P <\/em><\/p>\n<p>1537 y\u0131l\u0131nda yap\u0131lan, Gazi H\u00fcsrev Bey K\u00fct\u00fcphanesi, Bo\u015fnak\u00e7a, Arap\u00e7a, Fars\u00e7a ve di\u011fer dillerde yaz\u0131lm\u0131\u015f de\u011ferli elyazmalar\u0131na sahip. 800 y\u0131ldan daha eski ender eserler bulunmakta. Bunlar paha bi\u00e7ilmez olarak de\u011ferlendiriliyorlar.\u00a0Kurucusu Sultan 2. Beyaz\u0131t`\u0131n torunu Gazi H\u00fcsrev Bey olan k\u00fct\u00fcphanede bulunan 80.000 kitap ve dok\u00fcman\u0131n 10.000 tanesi eski dok\u00fcman ve el yazmas\u0131, 5.000 dok\u00fcman ise Osmanl\u0131 Halifeli\u011fi d\u00f6nemine aittir.<em><\/em><\/p>\n<p>Federation of Bosnia and Herzegovina<\/p>\n<p>Kaynak:\u00a0http:\/\/www.haberler.com\/gazi-husrev-bey-kutuphanesi-478-yasinda-6871810-haberi\/<\/p>\n","protected":false},"excerpt":{"rendered":"<p>Osmanl\u0131 d\u00f6neminde 1537 y\u0131l\u0131nda kurulan ve Balkanlar&#8217;daki en eski k\u00fct\u00fcphane olarak bilinen Gazi H\u00fcsrev Bey K\u00fct\u00fcphanesi, bug\u00fcn 478. y\u0131l\u0131n\u0131 kutluyor. Gazi H\u00fcsrev Bey K\u00fct\u00fcphanesi&#8217;nin 478. kurulu\u015f y\u0131l d\u00f6n\u00fcm\u00fc dolay\u0131s\u0131yla Gazi H\u00fcsrev Bey K\u00fct\u00fcphanesi&#8217;ni anlatan bir toplant\u0131 d\u00fczenlendi. Bosna Hersek \u0130slam Birli\u011fi Dini E\u011fitim Hizmetleri M\u00fcd\u00fcr\u00fc Amir Kari\u00e7 de Gazi H\u00fcsrev Bey K\u00fct\u00fcphanesi&#8217;nin sadece k\u00fct\u00fcphaneden ibaret [&hellip;]<\/p>\n","protected":false},"author":129,"featured_media":0,"comment_status":"open","ping_status":"open","sticky":false,"template":"","format":"standard","meta":{"footnotes":""},"categories":[1],"tags":[],"class_list":["post-15942","post","type-post","status-publish","format-standard","hentry","category-genel"],"_links":{"self":[{"href":"https:\/\/www.bbyhaber.com\/bby\/wp-json\/wp\/v2\/posts\/15942"}],"collection":[{"href":"https:\/\/www.bbyhaber.com\/bby\/wp-json\/wp\/v2\/posts"}],"about":[{"href":"https:\/\/www.bbyhaber.com\/bby\/wp-json\/wp\/v2\/types\/post"}],"author":[{"embeddable":true,"href":"https:\/\/www.bbyhaber.com\/bby\/wp-json\/wp\/v2\/users\/129"}],"replies":[{"embeddable":true,"href":"https:\/\/www.bbyhaber.com\/bby\/wp-json\/wp\/v2\/comments?post=15942"}],"version-history":[{"count":0,"href":"https:\/\/www.bbyhaber.com\/bby\/wp-json\/wp\/v2\/posts\/15942\/revisions"}],"wp:attachment":[{"href":"https:\/\/www.bbyhaber.com\/bby\/wp-json\/wp\/v2\/media?parent=15942"}],"wp:term":[{"taxonomy":"category","embeddable":true,"href":"https:\/\/www.bbyhaber.com\/bby\/wp-json\/wp\/v2\/categories?post=15942"},{"taxonomy":"post_tag","embeddable":true,"href":"https:\/\/www.bbyhaber.com\/bby\/wp-json\/wp\/v2\/tags?post=15942"}],"curies":[{"name":"wp","href":"https:\/\/api.w.org\/{rel}","templated":true}]}}