{"id":1594,"date":"2009-12-30T19:14:20","date_gmt":"2009-12-30T19:14:20","guid":{"rendered":"http:\/\/www.bbyhaber.com\/bby\/?p=1594"},"modified":"2012-05-02T08:23:09","modified_gmt":"2012-05-02T08:23:09","slug":"boyle-cezaya-can-kurban","status":"publish","type":"post","link":"https:\/\/www.bbyhaber.com\/bby\/2009\/12\/30\/boyle-cezaya-can-kurban","title":{"rendered":"B\u00f6yle cezaya can kurban"},"content":{"rendered":"<p style=\"text-align: justify;\">H\u00fck\u00fcml\u00fcler i\u015fledi\u011fi su\u00e7 ile ilgili kitaplar\u0131 k\u00fct\u00fcphanede okuyarak, bilgi d\u00fczeyinin artt\u0131r\u0131lmas\u0131 sa\u011flan\u0131yor. Ak\u015fehir Denetimli Serbestlik ve Yard\u0131m Merkezi \u015eube M\u00fcd\u00fcrl\u00fc\u011f\u00fc\u2019nden edinilen bilgiye g\u00f6re \u00f6zellikle Do\u011fanhisar Ceza Mahkemelerinde yarg\u0131lanan san\u0131klara Denetimli Serbestlik y\u00fck\u00fcml\u00fcl\u00fcklerinin h\u00fckmedilmesinde b\u00fcy\u00fck bir art\u0131\u015f oldu\u011fu y\u0131lba\u015f\u0131ndan bu yana yakla\u015f\u0131k 40 ki\u015fiye hapis cezas\u0131 yerine i\u015flemi\u015f oldu\u011fu su\u00e7 ile ilgili olarak k\u00fct\u00fcphanede 1 y\u0131l s\u00fcre ile bilgi d\u00fczeyinin artmas\u0131na y\u00f6nelik \u00e7al\u0131\u015fma yapma cezas\u0131 verildi. <!--more--><\/p>\n<p style=\"text-align: justify;\">B\u00f6ylelikle su\u00e7 i\u015fleyen ki\u015filerin toplum i\u00e7inde cezalar\u0131n\u0131 \u00e7ekmesi sa\u011flanarak yeniden su\u00e7 ve su\u00e7lu davran\u0131\u015flara y\u00f6nelmesine engel olunmas\u0131 sa\u011flan\u0131yor. Yap\u0131lan uygulamalarla san\u0131klar\u0131n \u0130l\u00e7e Halk K\u00fct\u00fcphaneleri ile Okul K\u00fct\u00fcphanelerine giderek i\u015flemi\u015f oldu\u011fu su\u00e7 ile ilgili bilgi d\u00fczeyinin artmas\u0131na y\u00f6nelik \u00e7al\u0131\u015fma yap\u0131ld\u0131\u011f\u0131 bu infaz\u0131n da k\u00fct\u00fcphane g\u00f6revlileri ile Ak\u015fehir Denetimli Serbestlik ve Yard\u0131m Merkezi \u015eube M\u00fcd\u00fcrl\u00fc\u011f\u00fcnde g\u00f6rev yapmakta olan \u015eube M\u00fcd\u00fcr\u00fc, Denetim G\u00f6revlisi ve Denetleme Memurlar\u0131 taraf\u0131ndan kontrol edildi\u011fi \u00f6\u011frenildi. Bu \u015fekilde san\u0131klar\u0131n Cezaevlerine girmeyerek devlet hazinesine katk\u0131da bulunmalar\u0131 ve ayr\u0131ca i\u015flemi\u015f oldu\u011fu su\u00e7 ile ilgili bilgilerini de artt\u0131rarak sorumluluk bilinci ile hayatlar\u0131na devam etmeleri sa\u011flan\u0131yor. Haber: Yasemin DO\u011eRU.<\/p>\n<p style=\"text-align: justify;\">Kaynak: http:\/\/www.istasyongazetesi.com<\/p>\n","protected":false},"excerpt":{"rendered":"<p>H\u00fck\u00fcml\u00fcler i\u015fledi\u011fi su\u00e7 ile ilgili kitaplar\u0131 k\u00fct\u00fcphanede okuyarak, bilgi d\u00fczeyinin artt\u0131r\u0131lmas\u0131 sa\u011flan\u0131yor. Ak\u015fehir Denetimli Serbestlik ve Yard\u0131m Merkezi \u015eube M\u00fcd\u00fcrl\u00fc\u011f\u00fc\u2019nden edinilen bilgiye g\u00f6re \u00f6zellikle Do\u011fanhisar Ceza Mahkemelerinde yarg\u0131lanan san\u0131klara Denetimli Serbestlik y\u00fck\u00fcml\u00fcl\u00fcklerinin h\u00fckmedilmesinde b\u00fcy\u00fck bir art\u0131\u015f oldu\u011fu y\u0131lba\u015f\u0131ndan bu yana yakla\u015f\u0131k 40 ki\u015fiye hapis cezas\u0131 yerine i\u015flemi\u015f oldu\u011fu su\u00e7 ile ilgili olarak k\u00fct\u00fcphanede 1 y\u0131l [&hellip;]<\/p>\n","protected":false},"author":1,"featured_media":0,"comment_status":"open","ping_status":"open","sticky":false,"template":"","format":"standard","meta":{"footnotes":""},"categories":[1],"tags":[173,174],"class_list":["post-1594","post","type-post","status-publish","format-standard","hentry","category-genel","tag-kitap-okuma-cezasi","tag-okuma-cezasi"],"_links":{"self":[{"href":"https:\/\/www.bbyhaber.com\/bby\/wp-json\/wp\/v2\/posts\/1594"}],"collection":[{"href":"https:\/\/www.bbyhaber.com\/bby\/wp-json\/wp\/v2\/posts"}],"about":[{"href":"https:\/\/www.bbyhaber.com\/bby\/wp-json\/wp\/v2\/types\/post"}],"author":[{"embeddable":true,"href":"https:\/\/www.bbyhaber.com\/bby\/wp-json\/wp\/v2\/users\/1"}],"replies":[{"embeddable":true,"href":"https:\/\/www.bbyhaber.com\/bby\/wp-json\/wp\/v2\/comments?post=1594"}],"version-history":[{"count":0,"href":"https:\/\/www.bbyhaber.com\/bby\/wp-json\/wp\/v2\/posts\/1594\/revisions"}],"wp:attachment":[{"href":"https:\/\/www.bbyhaber.com\/bby\/wp-json\/wp\/v2\/media?parent=1594"}],"wp:term":[{"taxonomy":"category","embeddable":true,"href":"https:\/\/www.bbyhaber.com\/bby\/wp-json\/wp\/v2\/categories?post=1594"},{"taxonomy":"post_tag","embeddable":true,"href":"https:\/\/www.bbyhaber.com\/bby\/wp-json\/wp\/v2\/tags?post=1594"}],"curies":[{"name":"wp","href":"https:\/\/api.w.org\/{rel}","templated":true}]}}