{"id":15916,"date":"2015-01-14T09:56:56","date_gmt":"2015-01-14T07:56:56","guid":{"rendered":"http:\/\/www.bbyhaber.com\/bby\/?p=15916"},"modified":"2015-01-14T09:56:56","modified_gmt":"2015-01-14T07:56:56","slug":"comu-egitim-fakultesinde-kutuphane-acilisi","status":"publish","type":"post","link":"https:\/\/www.bbyhaber.com\/bby\/2015\/01\/14\/comu-egitim-fakultesinde-kutuphane-acilisi","title":{"rendered":"\u00c7OM\u00dc E\u011fitim Fak\u00fcltesi&#8217;nde k\u00fct\u00fcphane a\u00e7\u0131l\u0131\u015f\u0131"},"content":{"rendered":"<p style=\"text-align: justify;\"><img loading=\"lazy\" decoding=\"async\" class=\"alignleft\" src=\"http:\/\/www.bbyhaber.com\/bby\/wp-content\/uploads\/2015\/01\/comu.jpg\" alt=\"\" width=\"253\" height=\"140\" \/>Rekt\u00f6r Prof. Dr. Sedat La\u00e7iner, Anafartalar Yerle\u015fkesi&#8217;ndeki k\u00fct\u00fcphanenin a\u00e7\u0131l\u0131\u015f\u0131nda yapt\u0131\u011f\u0131 konu\u015fmada, E\u011fitim Fak\u00fcltesi ek binas\u0131n\u0131n temel atma t\u00f6reninin yakla\u015f\u0131k bir y\u0131l \u00f6nce yap\u0131ld\u0131\u011f\u0131n\u0131 ve k\u0131sa s\u00fcrede bitirilece\u011fini ifade etiklerini belirterek hem k\u00fct\u00fcphanesi hem de ofisleriyle yerle\u015fkenin yenilenme projesinin ilk ad\u0131m\u0131 olarak bu binan\u0131n ortaya \u00e7\u0131kt\u0131\u011f\u0131n\u0131 s\u00f6yledi. Medeniyetlerin tesad\u00fcfen geri kalmad\u0131\u011f\u0131n\u0131 aktaran La\u00e7iner, &#8220;Medeniyetlerin ne kadar ileri olduklar\u0131 ve ne kadar geri kald\u0131klar\u0131, ne kadar ilerleyeceklerini anlaman\u0131n kriterlerinden bir tanesi ilime, bilgiye ne kadar h\u00fcrmet ettiklerini \u00f6l\u00e7mektir. Bunun en g\u00fczel \u00f6l\u00e7\u00fcld\u00fc\u011f\u00fc yerlerden bir tanesi de k\u00fct\u00fcphaneler, bilgi merkezlerdir&#8221; dedi.<!--more--><\/p>\n<p style=\"text-align: justify;\">La\u00e7iner, \u00fcniversiteler aras\u0131 rekabette bir hayli \u00f6ne ge\u00e7tiklerini ifade ederek, &#8220;Art\u0131k rakibimiz Milli K\u00fct\u00fcphane ve d\u00fcnyan\u0131n say\u0131l\u0131 di\u011fer k\u00fct\u00fcphaneleri. Bug\u00fcne kadar ald\u0131\u011f\u0131m\u0131z mesafenin s\u0131n\u0131rl\u0131 olmas\u0131n\u0131n en \u00f6nemli nedenlerinden biri bilgiye ve bilgiyi sunan kurumlara g\u00f6sterdi\u011fimiz h\u00fcrmetteki sorundur. T\u00fcrkiye bug\u00fcn bu yanl\u0131\u015ftan d\u00f6nmez ise yani kitaps\u0131z \u00fcniversite, kitaps\u0131z \u00fclke hatas\u0131ndan d\u00f6nmez, bu konuda belli ataklar, ilerlemeler yapmaz ise istedi\u011finiz kadar ekonominizi d\u00fczeltin, istedi\u011finiz kadar alt yap\u0131n\u0131za yat\u0131r\u0131m yap\u0131n bunlar\u0131n hi\u00e7birisi s\u00fcrd\u00fcr\u00fclebilir, kal\u0131c\u0131 olamaz&#8221; diye konu\u015ftu.Konu\u015fmalar\u0131n ard\u0131ndan k\u00fct\u00fcphanenin a\u00e7\u0131l\u0131\u015f\u0131 yap\u0131ld\u0131. T\u00f6rene, Bo\u011faz ve Garnizon Komutan\u0131 Tu\u011famiral Hasan Nihat Do\u011fan, Belediye Ba\u015fkan Vekili Rebiye \u00dcn\u00fcvar, \u00fcniversite y\u00f6neticileri, akademik ve idari personel ile \u00f6\u011frenciler kat\u0131ld\u0131.<\/p>\n<p style=\"text-align: justify;\">Kaynak:http:\/\/www.comu.edu.tr\/<\/p>\n","protected":false},"excerpt":{"rendered":"<p>Rekt\u00f6r Prof. Dr. Sedat La\u00e7iner, Anafartalar Yerle\u015fkesi&#8217;ndeki k\u00fct\u00fcphanenin a\u00e7\u0131l\u0131\u015f\u0131nda yapt\u0131\u011f\u0131 konu\u015fmada, E\u011fitim Fak\u00fcltesi ek binas\u0131n\u0131n temel atma t\u00f6reninin yakla\u015f\u0131k bir y\u0131l \u00f6nce yap\u0131ld\u0131\u011f\u0131n\u0131 ve k\u0131sa s\u00fcrede bitirilece\u011fini ifade etiklerini belirterek hem k\u00fct\u00fcphanesi hem de ofisleriyle yerle\u015fkenin yenilenme projesinin ilk ad\u0131m\u0131 olarak bu binan\u0131n ortaya \u00e7\u0131kt\u0131\u011f\u0131n\u0131 s\u00f6yledi. Medeniyetlerin tesad\u00fcfen geri kalmad\u0131\u011f\u0131n\u0131 aktaran La\u00e7iner, &#8220;Medeniyetlerin ne kadar [&hellip;]<\/p>\n","protected":false},"author":1,"featured_media":0,"comment_status":"open","ping_status":"open","sticky":false,"template":"","format":"standard","meta":{"footnotes":""},"categories":[1],"tags":[],"class_list":["post-15916","post","type-post","status-publish","format-standard","hentry","category-genel"],"_links":{"self":[{"href":"https:\/\/www.bbyhaber.com\/bby\/wp-json\/wp\/v2\/posts\/15916"}],"collection":[{"href":"https:\/\/www.bbyhaber.com\/bby\/wp-json\/wp\/v2\/posts"}],"about":[{"href":"https:\/\/www.bbyhaber.com\/bby\/wp-json\/wp\/v2\/types\/post"}],"author":[{"embeddable":true,"href":"https:\/\/www.bbyhaber.com\/bby\/wp-json\/wp\/v2\/users\/1"}],"replies":[{"embeddable":true,"href":"https:\/\/www.bbyhaber.com\/bby\/wp-json\/wp\/v2\/comments?post=15916"}],"version-history":[{"count":0,"href":"https:\/\/www.bbyhaber.com\/bby\/wp-json\/wp\/v2\/posts\/15916\/revisions"}],"wp:attachment":[{"href":"https:\/\/www.bbyhaber.com\/bby\/wp-json\/wp\/v2\/media?parent=15916"}],"wp:term":[{"taxonomy":"category","embeddable":true,"href":"https:\/\/www.bbyhaber.com\/bby\/wp-json\/wp\/v2\/categories?post=15916"},{"taxonomy":"post_tag","embeddable":true,"href":"https:\/\/www.bbyhaber.com\/bby\/wp-json\/wp\/v2\/tags?post=15916"}],"curies":[{"name":"wp","href":"https:\/\/api.w.org\/{rel}","templated":true}]}}