{"id":1591,"date":"2009-12-29T19:08:09","date_gmt":"2009-12-29T19:08:09","guid":{"rendered":"http:\/\/www.bbyhaber.com\/bby\/?p=1591"},"modified":"2011-12-11T19:12:09","modified_gmt":"2011-12-11T19:12:09","slug":"9-ataturk-cocuklari-kutuphanesi-cirpi-semtinde-acildi","status":"publish","type":"post","link":"https:\/\/www.bbyhaber.com\/bby\/2009\/12\/29\/9-ataturk-cocuklari-kutuphanesi-cirpi-semtinde-acildi","title":{"rendered":"9. Atat\u00fcrk \u00c7ocuklar\u0131 K\u00fct\u00fcphanesi a\u00e7\u0131ld\u0131"},"content":{"rendered":"<p style=\"text-align: justify;\">K\u00f6y \u00c7ocuklar\u0131 K\u00fct\u00fcphaneleri Olu\u015fturma, K\u00fclt\u00fcr-Sanat ve Dayan\u0131\u015fma Derne\u011fi, Bay\u0131nd\u0131r \u00c7\u0131rp\u0131&#8217;da bir ilim evi daha a\u00e7t\u0131. K\u00f6y \u00c7ocuklar\u0131 K\u00fct\u00fcphaneleri Olu\u015fturma, K\u00fclt\u00fcr-Sanat ve Dayan\u0131\u015fma Derne\u011fi taraf\u0131ndan k\u00f6ylere kurulan Atat\u00fcrk \u00c7ocuklar\u0131 K\u00fct\u00fcphaneleri&#8217;nin 9.su \u0130zmir ili, Bay\u0131nd\u0131r \u0130l\u00e7esi \u00c7\u0131rp\u0131 Semti\u2019nde kuruldu. 26 Aral\u0131k 2009 Cumartesi g\u00fcn\u00fc a\u00e7\u0131l\u0131\u015f\u0131 yap\u0131lan k\u00fct\u00fcphane bir ilk olma \u00f6zelli\u011fine de sahip. \u0130zmir B\u00fcy\u00fck\u015fehir Belediyesi taraf\u0131ndan yapt\u0131r\u0131lan 22 \u00c7ok Ama\u00e7l\u0131 Spor Salonu\u2019ndan birinde a\u00e7\u0131ld\u0131 9. k\u00fct\u00fcphane. A\u00e7\u0131l\u0131\u015fa \u0130zmir B\u00fcy\u00fck\u015fehir Belediyesi Spor Kul\u00fcpleri Koordinat\u00f6r\u00fc H\u00fcsn\u00fc Oral, Bay\u0131nd\u0131r Belediye Ba\u015fkan\u0131 Mehmet Kerti\u015f, \u0130zmirli \u015fair ve yazarlar ile kitapseverler kat\u0131ld\u0131.<\/p>\n<p>HALKEV\u0130 KONUMUNDA<br \/>\nYakla\u015f\u0131k bin ki\u015filik bir toplulukla yap\u0131lan a\u00e7\u0131l\u0131\u015fta H\u00fcsn\u00fc Oral \u00c7ok Ama\u00e7l\u0131 Spor Salonlar\u0131\u2019n\u0131n Halkevi konumunda oldu\u011funu, buralarda \u00e7e\u015fitli spor aktiviteleri yap\u0131ld\u0131\u011f\u0131n\u0131 ve bu k\u00fct\u00fcphanenin de b\u00fcy\u00fck bir eksi\u011fi kapad\u0131\u011f\u0131n\u0131 s\u00f6yledi. Bay\u0131nd\u0131r Belediye Ba\u015fkan\u0131 Mehmet Kerti\u015f ise acil olarak buraya 2 bilgisayar ve fotokopi makinesi hediye edip kadrolu olarak bir k\u00fct\u00fcphaneci g\u00f6revlendirece\u011fini belirtti.<\/p>\n<p>BA\u015eKAN T\u0130M&#8217;DEN PROJE \u0130STED\u0130LER<br \/>\nA\u00e7\u0131l\u0131\u015f sonras\u0131 verilen ikramda H\u00fcsn\u00fc Oral, Dernek Ba\u015fkan\u0131 Mesut Tim\u2019den \u0130zmir B\u00fcy\u00fck\u015fehir Belediyesi b\u00fcnyesindeki b\u00fct\u00fcn \u00c7ok Ama\u00e7l\u0131 Spor Salonlar\u0131\u2019nda k\u00fct\u00fcphane a\u00e7mak \u00fczere bir proje haz\u0131rlay\u0131p sunmas\u0131n\u0131 istedi. 29\/12\/2009.<\/p>\n<p>Kaynak: http:\/\/www.abbasguclu.com.tr\/<\/p>\n","protected":false},"excerpt":{"rendered":"<p>K\u00f6y \u00c7ocuklar\u0131 K\u00fct\u00fcphaneleri Olu\u015fturma, K\u00fclt\u00fcr-Sanat ve Dayan\u0131\u015fma Derne\u011fi, Bay\u0131nd\u0131r \u00c7\u0131rp\u0131&#8217;da bir ilim evi daha a\u00e7t\u0131. K\u00f6y \u00c7ocuklar\u0131 K\u00fct\u00fcphaneleri Olu\u015fturma, K\u00fclt\u00fcr-Sanat ve Dayan\u0131\u015fma Derne\u011fi taraf\u0131ndan k\u00f6ylere kurulan Atat\u00fcrk \u00c7ocuklar\u0131 K\u00fct\u00fcphaneleri&#8217;nin 9.su \u0130zmir ili, Bay\u0131nd\u0131r \u0130l\u00e7esi \u00c7\u0131rp\u0131 Semti\u2019nde kuruldu. 26 Aral\u0131k 2009 Cumartesi g\u00fcn\u00fc a\u00e7\u0131l\u0131\u015f\u0131 yap\u0131lan k\u00fct\u00fcphane bir ilk olma \u00f6zelli\u011fine de sahip. \u0130zmir B\u00fcy\u00fck\u015fehir Belediyesi taraf\u0131ndan [&hellip;]<\/p>\n","protected":false},"author":1,"featured_media":0,"comment_status":"open","ping_status":"open","sticky":false,"template":"","format":"standard","meta":{"footnotes":""},"categories":[1539,1,1498],"tags":[],"class_list":["post-1591","post","type-post","status-publish","format-standard","hentry","category-ataturk-cocuklari-kutuphanesi","category-genel","category-koy-kutuphaneleri"],"_links":{"self":[{"href":"https:\/\/www.bbyhaber.com\/bby\/wp-json\/wp\/v2\/posts\/1591"}],"collection":[{"href":"https:\/\/www.bbyhaber.com\/bby\/wp-json\/wp\/v2\/posts"}],"about":[{"href":"https:\/\/www.bbyhaber.com\/bby\/wp-json\/wp\/v2\/types\/post"}],"author":[{"embeddable":true,"href":"https:\/\/www.bbyhaber.com\/bby\/wp-json\/wp\/v2\/users\/1"}],"replies":[{"embeddable":true,"href":"https:\/\/www.bbyhaber.com\/bby\/wp-json\/wp\/v2\/comments?post=1591"}],"version-history":[{"count":0,"href":"https:\/\/www.bbyhaber.com\/bby\/wp-json\/wp\/v2\/posts\/1591\/revisions"}],"wp:attachment":[{"href":"https:\/\/www.bbyhaber.com\/bby\/wp-json\/wp\/v2\/media?parent=1591"}],"wp:term":[{"taxonomy":"category","embeddable":true,"href":"https:\/\/www.bbyhaber.com\/bby\/wp-json\/wp\/v2\/categories?post=1591"},{"taxonomy":"post_tag","embeddable":true,"href":"https:\/\/www.bbyhaber.com\/bby\/wp-json\/wp\/v2\/tags?post=1591"}],"curies":[{"name":"wp","href":"https:\/\/api.w.org\/{rel}","templated":true}]}}