{"id":15830,"date":"2015-01-10T18:08:07","date_gmt":"2015-01-10T16:08:07","guid":{"rendered":"http:\/\/www.bbyhaber.com\/bby\/?p=15830"},"modified":"2015-01-12T09:23:25","modified_gmt":"2015-01-12T07:23:25","slug":"2015te-turkiyede-ve-dunyada-kitap-fuarlari","status":"publish","type":"post","link":"https:\/\/www.bbyhaber.com\/bby\/2015\/01\/10\/2015te-turkiyede-ve-dunyada-kitap-fuarlari","title":{"rendered":"2015&#8217;te T\u00fcrkiye&#8217;de ve D\u00fcnyada Kitap Fuarlar\u0131"},"content":{"rendered":"<p style=\"text-align: justify;\"><img loading=\"lazy\" decoding=\"async\" class=\"alignleft\" src=\"http:\/\/www.bbyhaber.com\/bby\/wp-content\/uploads\/2015\/01\/book-fair-image.jpg\" alt=\"\" width=\"150\" height=\"100\" \/>T\u00fcrkiye Yay\u0131nc\u0131lar Birli\u011fi, 2015 y\u0131l\u0131 i\u00e7erisinde T\u00fcrkiye\u2019de ve d\u00fcnyada d\u00fczenlenecek kitap fuarlar\u0131n\u0131 listeledi. Buna g\u00f6re bu y\u0131l T\u00fcrkiye\u2019de be\u015f, d\u00fcnyada ise 11 kitap fuar\u0131 d\u00fczenlenecek. Fuarlar ve tarihleri \u015f\u00f6yle;<!--more--><\/p>\n<p style=\"text-align: justify;\"><strong>T\u00dcRK\u0130YE\u2019DE FUARLAR<\/strong><\/p>\n<p style=\"text-align: justify;\">\u00c7ukurova 8. Kitap Fuar\u0131\u00a013-18 Ocak 2015\u00a0<a href=\"http:\/\/cukurovakitapfuari.com\/\" target=\"_blank\">http:\/\/cukurovakitapfuari.com\/<\/a><\/p>\n<p style=\"text-align: justify;\">Bursa 13. Kitap Fuar\u0131\u00a014-22 Mart 2015\u00a0<a href=\"http:\/\/www.bursakitapfuari.com\/\" target=\"_blank\">http:\/\/www.bursakitapfuari.com\/<\/a><\/p>\n<p>20. \u0130zmir Kitap Fuar\u0131\u00a018-26 Nisan 2015\u00a0<a href=\"http:\/\/www.izmirkitapfuari.com\/\" target=\"_blank\">http:\/\/www.izmirkitapfuari.com\/<\/a><\/p>\n<p>Karadeniz Kitap Fuar\u0131-Samsun\u00a018-24 May\u0131s 2015\u00a0(Web sitesi hen\u00fcz aktif de\u011fildir)<\/p>\n<p>34. Uluslararas\u0131 \u0130stanbul Kitap Fuar\u0131\u00a007-15 Kas\u0131m 2015\u00a0<a href=\"http:\/\/www.istanbulkitapfuari.com\/\" target=\"_blank\">http:\/\/www.istanbulkitapfuari.com\/<\/a><\/p>\n<p><strong>D\u00dcNYADA FUARLAR<\/strong><\/p>\n<p>47. Kahire Uluslararas\u0131 Kitap Fuar\u0131, Kahire, M\u0131s\u0131r\u00a028 Ocak-12 \u015eubat 2015\u00a0<a href=\"http:\/\/www.cairobookfair.org\/\" target=\"_blank\">http:\/\/www.cairobookfair.org\/<\/a><\/p>\n<p>35. Paris Kitap Fuar\u0131, Paris, Fransa\u00a020-23 Mart 2015\u00a0<a href=\"http:\/\/www.salondulivreparis.com\/index.php?Lang=GB&amp;argRedirect=GB|PRO\" target=\"_blank\">http:\/\/www.salondulivreparis.com\/<\/a><\/p>\n<p>Bologna \u00c7ocuk Kitaplar\u0131 Fuar\u0131, Bologna, \u0130talya\u00a030 Mart-2 Nisan 2015\u00a0<a href=\"http:\/\/www.bookfair.bolognafiere.it\/\" target=\"_blank\">http:\/\/www.bookfair.bolognafiere.it<\/a><\/p>\n<p>Londra Kitap Fuar\u0131, Londra, \u0130ngiltere\u00a014-16 Nisan 2015\u00a0<a href=\"http:\/\/www.londonbookfair.co.uk\/\" target=\"_blank\">http:\/\/www.londonbookfair.co.uk\/<\/a><\/p>\n<p>Abu Dhabi Uluslararas\u0131 Kitap Fuar\u0131, Abu Dhabi, , Birle\u015fik Arap Emirlikleri\u00a07-13 May\u0131s 2015\u00a0<a href=\"http:\/\/www.adbookfair.com\/\" target=\"_blank\">http:\/\/www.adbookfair.com\/<\/a><\/p>\n<p>BookExpo America, New York, ABD\u00a027-29 May\u0131s 2015\u00a0<a href=\"http:\/\/www.bookexpoamerica.com\/\" target=\"_blank\">http:\/\/www.bookexpoamerica.com\/<\/a><\/p>\n<p>Beijing Uluslararas\u0131 Kitap Fuar\u0131, Beijing, \u00c7in\u00a026-30 August 2015\u00a0(Web sitesi hen\u00fcz aktif de\u011fildir)<\/p>\n<p>28. Moskova Uluslararas\u0131 Kitap Fuar\u0131, Moskova, Rusya\u00a02-6 Eyl\u00fcl 2015\u00a0<a href=\"http:\/\/www.mibf.ru\/\" target=\"_blank\">http:\/\/www.mibf.ru<\/a><\/p>\n<p>LIBER Uluslararas\u0131 Kitap Fuar\u0131, Madrid, \u0130spanya\u00a07-9 Ekim 2015\u00a0<a href=\"http:\/\/www.salonliber.es\/\" target=\"_blank\">www.salonliber.es<\/a><\/p>\n<p>Frankfurt Kitap Fuar\u0131, Frankfurt, Almanya\u00a014-18 Ekim 2015\u00a0<a href=\"http:\/\/www.buchmesse.de\/\" target=\"_blank\">http:\/\/www.buchmesse.de\/<\/a><\/p>\n<p>Sharjah Uluslararas\u0131 Kitap Fuar\u0131, Sharjah, Birle\u015fik Arap Emirlikleri\u00a04-14 Kas\u0131m 2015\u00a0<a href=\"http:\/\/www.sharjahbookfair.com\/\" target=\"_blank\">www.sharjahbookfair.com<\/a><\/p>\n<p><strong><em>Kaynak:<\/em><\/strong>\u00a0http:\/\/www.sabitfikir.com\/haber\/2015te-turkiyede-ve-dunyada-kitap-fuarlari<\/p>\n","protected":false},"excerpt":{"rendered":"<p>T\u00fcrkiye Yay\u0131nc\u0131lar Birli\u011fi, 2015 y\u0131l\u0131 i\u00e7erisinde T\u00fcrkiye\u2019de ve d\u00fcnyada d\u00fczenlenecek kitap fuarlar\u0131n\u0131 listeledi. Buna g\u00f6re bu y\u0131l T\u00fcrkiye\u2019de be\u015f, d\u00fcnyada ise 11 kitap fuar\u0131 d\u00fczenlenecek. Fuarlar ve tarihleri \u015f\u00f6yle;<\/p>\n","protected":false},"author":129,"featured_media":0,"comment_status":"open","ping_status":"open","sticky":false,"template":"","format":"standard","meta":{"footnotes":""},"categories":[1,588,1493],"tags":[],"class_list":["post-15830","post","type-post","status-publish","format-standard","hentry","category-genel","category-kitap-fuarlari","category-kitap-fuarlari-2"],"_links":{"self":[{"href":"https:\/\/www.bbyhaber.com\/bby\/wp-json\/wp\/v2\/posts\/15830"}],"collection":[{"href":"https:\/\/www.bbyhaber.com\/bby\/wp-json\/wp\/v2\/posts"}],"about":[{"href":"https:\/\/www.bbyhaber.com\/bby\/wp-json\/wp\/v2\/types\/post"}],"author":[{"embeddable":true,"href":"https:\/\/www.bbyhaber.com\/bby\/wp-json\/wp\/v2\/users\/129"}],"replies":[{"embeddable":true,"href":"https:\/\/www.bbyhaber.com\/bby\/wp-json\/wp\/v2\/comments?post=15830"}],"version-history":[{"count":0,"href":"https:\/\/www.bbyhaber.com\/bby\/wp-json\/wp\/v2\/posts\/15830\/revisions"}],"wp:attachment":[{"href":"https:\/\/www.bbyhaber.com\/bby\/wp-json\/wp\/v2\/media?parent=15830"}],"wp:term":[{"taxonomy":"category","embeddable":true,"href":"https:\/\/www.bbyhaber.com\/bby\/wp-json\/wp\/v2\/categories?post=15830"},{"taxonomy":"post_tag","embeddable":true,"href":"https:\/\/www.bbyhaber.com\/bby\/wp-json\/wp\/v2\/tags?post=15830"}],"curies":[{"name":"wp","href":"https:\/\/api.w.org\/{rel}","templated":true}]}}