{"id":15806,"date":"2015-01-09T09:42:20","date_gmt":"2015-01-09T07:42:20","guid":{"rendered":"http:\/\/www.bbyhaber.com\/bby\/?p=15806"},"modified":"2015-01-09T10:01:49","modified_gmt":"2015-01-09T08:01:49","slug":"turk-kutuphaneciligi-dergisi-editorler-kurulundan-charlie-hebdo-mesaji","status":"publish","type":"post","link":"https:\/\/www.bbyhaber.com\/bby\/2015\/01\/09\/turk-kutuphaneciligi-dergisi-editorler-kurulundan-charlie-hebdo-mesaji","title":{"rendered":"T\u00fcrk K\u00fct\u00fcphanecili\u011fi Dergisi Edit\u00f6rler Kurulu&#8217;ndan Charlie Hebdo mesaj\u0131"},"content":{"rendered":"<p style=\"text-align: justify;\"><a href=\"http:\/\/www.bbyhaber.com\/bby\/wp-content\/uploads\/2015\/01\/charlie-hebdo-tkdergisi-mesaji.jpg\"><img loading=\"lazy\" decoding=\"async\" class=\"alignleft\" style=\"width: 260px; height: 142px;\" src=\"http:\/\/www.bbyhaber.com\/bby\/wp-content\/uploads\/2015\/01\/charlie-hebdo-tkdergisi-mesaji.jpg\" alt=\"\" width=\"450\" height=\"250\" \/><\/a>T\u00fcrk K\u00fct\u00fcphanecili\u011fi (TK) Dergisi Edit\u00f6rler Kurulu resmi facebook sayfas\u0131ndan Fransa&#8217;da ya\u015fanan Charlie Hebdo sald\u0131r\u0131s\u0131na dair bir mesaj yay\u0131nlad\u0131: &#8220;En temel insan hak ve \u00f6zg\u00fcrl\u00fc\u011f\u00fc olan d\u00fc\u015f\u00fcnce \u00f6zg\u00fcrl\u00fc\u011f\u00fcne kar\u015f\u0131 her t\u00fcrl\u00fc \u015fiddet eylemini k\u0131nad\u0131\u011f\u0131m\u0131z\u0131 belirtir, \u015fiddet eylemlerinin toplumlar, k\u00fclt\u00fcrler ve dinleraras\u0131 \u00e7at\u0131\u015fmalara yol a\u00e7mas\u0131n\u0131 \u00f6nlemek i\u00e7in daha fazla sab\u0131rl\u0131 ve so\u011fukkanl\u0131 duru\u015fa sahip olunmas\u0131n\u0131n gerekli oldu\u011funu g\u00f6r\u00fc\u015f\u00fcm\u00fcz\u00fc payla\u015f\u0131r\u0131z&#8230;&#8221;<!--more--><\/p>\n<p>Sayg\u0131lar\u0131m\u0131zla,<br \/>\nTK Edit\u00f6rler Kurulu<\/p>\n<p style=\"text-align: justify;\"><strong><span style=\"color: #0000ff;\"><a href=\"https:\/\/www.facebook.com\/turkkutuphaneciligi\" target=\"_blank\"><span style=\"color: #0000ff;\">T\u00fcrk K\u00fct\u00fcphanecili\u011fi Dergisi Facebook Sayfas\u0131 i\u00e7in t\u0131klay\u0131n\u0131z.<\/span><\/a><\/span><\/strong><\/p>\n","protected":false},"excerpt":{"rendered":"<p>T\u00fcrk K\u00fct\u00fcphanecili\u011fi (TK) Dergisi Edit\u00f6rler Kurulu resmi facebook sayfas\u0131ndan Fransa&#8217;da ya\u015fanan Charlie Hebdo sald\u0131r\u0131s\u0131na dair bir mesaj yay\u0131nlad\u0131: &#8220;En temel insan hak ve \u00f6zg\u00fcrl\u00fc\u011f\u00fc olan d\u00fc\u015f\u00fcnce \u00f6zg\u00fcrl\u00fc\u011f\u00fcne kar\u015f\u0131 her t\u00fcrl\u00fc \u015fiddet eylemini k\u0131nad\u0131\u011f\u0131m\u0131z\u0131 belirtir, \u015fiddet eylemlerinin toplumlar, k\u00fclt\u00fcrler ve dinleraras\u0131 \u00e7at\u0131\u015fmalara yol a\u00e7mas\u0131n\u0131 \u00f6nlemek i\u00e7in daha fazla sab\u0131rl\u0131 ve so\u011fukkanl\u0131 duru\u015fa sahip olunmas\u0131n\u0131n gerekli oldu\u011funu [&hellip;]<\/p>\n","protected":false},"author":1,"featured_media":0,"comment_status":"open","ping_status":"open","sticky":false,"template":"","format":"standard","meta":{"footnotes":""},"categories":[1],"tags":[658],"class_list":["post-15806","post","type-post","status-publish","format-standard","hentry","category-genel","tag-charlie-hebdo"],"_links":{"self":[{"href":"https:\/\/www.bbyhaber.com\/bby\/wp-json\/wp\/v2\/posts\/15806"}],"collection":[{"href":"https:\/\/www.bbyhaber.com\/bby\/wp-json\/wp\/v2\/posts"}],"about":[{"href":"https:\/\/www.bbyhaber.com\/bby\/wp-json\/wp\/v2\/types\/post"}],"author":[{"embeddable":true,"href":"https:\/\/www.bbyhaber.com\/bby\/wp-json\/wp\/v2\/users\/1"}],"replies":[{"embeddable":true,"href":"https:\/\/www.bbyhaber.com\/bby\/wp-json\/wp\/v2\/comments?post=15806"}],"version-history":[{"count":0,"href":"https:\/\/www.bbyhaber.com\/bby\/wp-json\/wp\/v2\/posts\/15806\/revisions"}],"wp:attachment":[{"href":"https:\/\/www.bbyhaber.com\/bby\/wp-json\/wp\/v2\/media?parent=15806"}],"wp:term":[{"taxonomy":"category","embeddable":true,"href":"https:\/\/www.bbyhaber.com\/bby\/wp-json\/wp\/v2\/categories?post=15806"},{"taxonomy":"post_tag","embeddable":true,"href":"https:\/\/www.bbyhaber.com\/bby\/wp-json\/wp\/v2\/tags?post=15806"}],"curies":[{"name":"wp","href":"https:\/\/api.w.org\/{rel}","templated":true}]}}