{"id":15763,"date":"2014-09-22T11:18:18","date_gmt":"2014-09-22T09:18:18","guid":{"rendered":"http:\/\/www.bbyhaber.com\/bby\/?p=15763"},"modified":"2014-12-31T11:24:35","modified_gmt":"2014-12-31T09:24:35","slug":"tkd-dusunce-ozgurlugu-grubu-baskani-zafer-kizilkan%e2%80%99i-kaybettik","status":"publish","type":"post","link":"https:\/\/www.bbyhaber.com\/bby\/2014\/09\/22\/tkd-dusunce-ozgurlugu-grubu-baskani-zafer-kizilkan%e2%80%99i-kaybettik","title":{"rendered":"TKD D\u00fc\u015f\u00fcnce \u00d6zg\u00fcrl\u00fc\u011f\u00fc Grubu Ba\u015fkan\u0131 Zafer KIZILKAN\u2019\u0131 kaybettik"},"content":{"rendered":"<p style=\"text-align: justify;\"><img loading=\"lazy\" decoding=\"async\" class=\"alignleft\" src=\"http:\/\/www.bbyhaber.com\/bby\/wp-content\/uploads\/2014\/09\/zafer-kizilkan.jpg\" alt=\"\" width=\"100\" height=\"93\" \/>TKD D\u00fc\u015f\u00fcnce \u00d6zg\u00fcrl\u00fc\u011f\u00fc Grubu Ba\u015fkan\u0131 Zafer KIZILKAN\u2019\u0131 kaybettik. An\u0131s\u0131 i\u00e7in T\u00fcrk K\u00fct\u00fcphanecili\u011fi Dergisi&#8217;nde kaleme al\u0131nan yaz\u0131lar\u0131 okuyabilirsiniz, <span style=\"color: #0000ff;\"><a href=\"http:\/\/www.tk.org.tr\/index.php\/TK\/issue\/view\/259\" target=\"_blank\">l<\/a><span style=\"color: #0000ff;\"><a href=\"http:\/\/www.tk.org.tr\/index.php\/TK\/issue\/view\/259\" target=\"_blank\">\u00fctfen t\u0131klay\u0131n\u0131z<\/a><\/span><\/span><\/p>\n","protected":false},"excerpt":{"rendered":"<p>TKD D\u00fc\u015f\u00fcnce \u00d6zg\u00fcrl\u00fc\u011f\u00fc Grubu Ba\u015fkan\u0131 Zafer KIZILKAN\u2019\u0131 kaybettik. An\u0131s\u0131 i\u00e7in T\u00fcrk K\u00fct\u00fcphanecili\u011fi Dergisi&#8217;nde kaleme al\u0131nan yaz\u0131lar\u0131 okuyabilirsiniz, l\u00fctfen t\u0131klay\u0131n\u0131z<\/p>\n","protected":false},"author":1,"featured_media":0,"comment_status":"open","ping_status":"open","sticky":false,"template":"","format":"standard","meta":{"footnotes":""},"categories":[1],"tags":[570],"class_list":["post-15763","post","type-post","status-publish","format-standard","hentry","category-genel","tag-zafer-kizilkan"],"_links":{"self":[{"href":"https:\/\/www.bbyhaber.com\/bby\/wp-json\/wp\/v2\/posts\/15763"}],"collection":[{"href":"https:\/\/www.bbyhaber.com\/bby\/wp-json\/wp\/v2\/posts"}],"about":[{"href":"https:\/\/www.bbyhaber.com\/bby\/wp-json\/wp\/v2\/types\/post"}],"author":[{"embeddable":true,"href":"https:\/\/www.bbyhaber.com\/bby\/wp-json\/wp\/v2\/users\/1"}],"replies":[{"embeddable":true,"href":"https:\/\/www.bbyhaber.com\/bby\/wp-json\/wp\/v2\/comments?post=15763"}],"version-history":[{"count":0,"href":"https:\/\/www.bbyhaber.com\/bby\/wp-json\/wp\/v2\/posts\/15763\/revisions"}],"wp:attachment":[{"href":"https:\/\/www.bbyhaber.com\/bby\/wp-json\/wp\/v2\/media?parent=15763"}],"wp:term":[{"taxonomy":"category","embeddable":true,"href":"https:\/\/www.bbyhaber.com\/bby\/wp-json\/wp\/v2\/categories?post=15763"},{"taxonomy":"post_tag","embeddable":true,"href":"https:\/\/www.bbyhaber.com\/bby\/wp-json\/wp\/v2\/tags?post=15763"}],"curies":[{"name":"wp","href":"https:\/\/api.w.org\/{rel}","templated":true}]}}