{"id":1575,"date":"2011-12-10T14:58:41","date_gmt":"2011-12-10T14:58:41","guid":{"rendered":"http:\/\/www.bbyhaber.com\/bby\/?p=1575"},"modified":"2011-12-10T14:59:38","modified_gmt":"2011-12-10T14:59:38","slug":"kitaplar-depremdede-hayat-kurtariyor","status":"publish","type":"post","link":"https:\/\/www.bbyhaber.com\/bby\/2011\/12\/10\/kitaplar-depremdede-hayat-kurtariyor","title":{"rendered":"Kitaplar Depremde\u2019de Hayat Kurtar\u0131yor"},"content":{"rendered":"<p style=\"text-align: justify;\">\u2018Kitap depremlerde de hayat kurtar\u0131yor\u2019 slogan\u0131ndan yola \u00e7\u0131kan Manavgat il\u00e7e Halk K\u00fct\u00fcphanesi; K\u0131z\u0131lot DS\u0130 tesislerinde ya\u015famlar\u0131n\u0131 s\u00fcrd\u00fcren depremzedelerin g\u00fcnlerini kitap okuyarak de\u011ferlendirmeleri amac\u0131yla 100 temel eser, d\u00fcnya klasikleri, iki tak\u0131m ansiklopedi, \u00e7ok say\u0131da Roman, hikaye ve \u015fiir kitab\u0131n\u0131n yan\u0131 s\u0131ra \u00e7ocuklar i\u00e7in \u00e7ok say\u0131da T\u00fcbitak\u2019\u0131n \u2018bilin \u00c7ocuk ile Merakl\u0131 Minik\u2019 dergisi g\u00f6t\u00fcrerek kitapl\u0131k olu\u015fturdu.<\/p>\n<p style=\"text-align: justify;\">D\u00fcnya \u0130nsan Haklar\u0131 Haftas\u0131 i\u00e7erisinde bulunuldu\u011funa dikkat \u00e7eken \u0130l\u00e7e Halk K\u00fct\u00fcphanesi M\u00fcd\u00fcr\u00fc Hidayet Oktay, \u201cD\u00fcnya insan haklar\u0131 haftas\u0131nda en b\u00fcy\u00fck insan hakk\u0131 olan ya\u015fama hakk\u0131n\u0131n yan\u0131na \u201cOkuma\u201d hakk\u0131 da eklemek i\u00e7in Van Depreminde evini, yak\u0131n\u0131n\u0131, umudunu kaybeden insanlar\u0131m\u0131za biraz olsun ac\u0131lar\u0131n\u0131 unutturtmak i\u00e7in bir \u00e7ok kitap arma\u011fan ettik. B\u00f6ylece en y\u00fcce haklardan birisi olan Okuma hakk\u0131ndan mahrum olmas\u0131n istedik\u201d diye konu\u015ftu.<\/p>\n<p style=\"text-align: justify;\">Kitaplar\u0131n depremlerde de hayat kurtard\u0131\u011f\u0131na dikkat \u00e7eken Oktay, \u201c Kitapl\u0131 odalarda ya\u015fayanlar\u0131n herhangi bir depremde hayatta kalma oranlar\u0131 daha y\u00fcksek oldu\u011funu bilim insanlar\u0131 istatistiklerle anlat\u0131yorlar. Kitap ezilmeme \u00f6zelli\u011fine sahip bir ara\u00e7t\u0131r. Organik yap\u0131s\u0131 sayesinde de hava almam\u0131za yard\u0131mc\u0131 oluyor. B\u00f6ylece herhangi bir depremde evinizde odan\u0131zda kitaplar varsa hayatta kalma \u015fans\u0131n\u0131z daha y\u00fcksek olmakta. Kitap okuyanlar zaten hayatlar\u0131n\u0131 kurtarm\u0131\u015f olurlar. Kitap okuma al\u0131\u015fkanl\u0131\u011f\u0131n\u0131z varsa gelecek sizin i\u00e7in hep ayd\u0131nl\u0131k olacakt\u0131r. 2011 Van depreminde evini, yak\u0131n\u0131n\u0131, arkada\u015f\u0131n\u0131, kom\u015fusunu kaybeden depremzede vatanda\u015flar\u0131m\u0131za gelecek ya\u015famlar\u0131nda daha mutlu olmalar\u0131 i\u00e7in bir miktar kitap arma\u011fan ettik. \u00d6zellikle \u00f6\u011frenci \u00e7ocuklar\u0131m\u0131z i\u00e7in 100 temel eser ile d\u00fcnya klasikleri, iki tak\u0131m ansiklopedi, bir \u00e7ok da edebi (Roman, hikaye, \u015fiir) kitab\u0131 ba\u011f\u0131\u015flad\u0131k ki kampta kalanlar\u0131n bir k\u0131sm\u0131 kitap okuyarak g\u00fcnlerini de\u011ferlendirsin. Minik \u00e7ocuklar\u0131m\u0131z i\u00e7in T\u00fcbitak\u2019\u0131n \u2018bilin \u00c7ocuk ile Merakl\u0131 Minik dergilerinden \u00e7ok say\u0131da depremzede karde\u015flerimize g\u00f6t\u00fcrd\u00fck. Kitap okuyan hayatta kal\u0131r, kitap giren evde deprem k\u0131r\u0131c\u0131 olmaz. Ne olur biraz daha okuyal\u0131m, kitaplarla ya\u015fay\u0131n\u201d dedi.<\/p>\n<p style=\"text-align: justify;\">Kaynak: IHA<\/p>\n","protected":false},"excerpt":{"rendered":"<p>\u2018Kitap depremlerde de hayat kurtar\u0131yor\u2019 slogan\u0131ndan yola \u00e7\u0131kan Manavgat il\u00e7e Halk K\u00fct\u00fcphanesi; K\u0131z\u0131lot DS\u0130 tesislerinde ya\u015famlar\u0131n\u0131 s\u00fcrd\u00fcren depremzedelerin g\u00fcnlerini kitap okuyarak de\u011ferlendirmeleri amac\u0131yla 100 temel eser, d\u00fcnya klasikleri, iki tak\u0131m ansiklopedi, \u00e7ok say\u0131da Roman, hikaye ve \u015fiir kitab\u0131n\u0131n yan\u0131 s\u0131ra \u00e7ocuklar i\u00e7in \u00e7ok say\u0131da T\u00fcbitak\u2019\u0131n \u2018bilin \u00c7ocuk ile Merakl\u0131 Minik\u2019 dergisi g\u00f6t\u00fcrerek kitapl\u0131k olu\u015fturdu. D\u00fcnya [&hellip;]<\/p>\n","protected":false},"author":1,"featured_media":0,"comment_status":"open","ping_status":"open","sticky":false,"template":"","format":"standard","meta":{"footnotes":""},"categories":[1],"tags":[],"class_list":["post-1575","post","type-post","status-publish","format-standard","hentry","category-genel"],"_links":{"self":[{"href":"https:\/\/www.bbyhaber.com\/bby\/wp-json\/wp\/v2\/posts\/1575"}],"collection":[{"href":"https:\/\/www.bbyhaber.com\/bby\/wp-json\/wp\/v2\/posts"}],"about":[{"href":"https:\/\/www.bbyhaber.com\/bby\/wp-json\/wp\/v2\/types\/post"}],"author":[{"embeddable":true,"href":"https:\/\/www.bbyhaber.com\/bby\/wp-json\/wp\/v2\/users\/1"}],"replies":[{"embeddable":true,"href":"https:\/\/www.bbyhaber.com\/bby\/wp-json\/wp\/v2\/comments?post=1575"}],"version-history":[{"count":0,"href":"https:\/\/www.bbyhaber.com\/bby\/wp-json\/wp\/v2\/posts\/1575\/revisions"}],"wp:attachment":[{"href":"https:\/\/www.bbyhaber.com\/bby\/wp-json\/wp\/v2\/media?parent=1575"}],"wp:term":[{"taxonomy":"category","embeddable":true,"href":"https:\/\/www.bbyhaber.com\/bby\/wp-json\/wp\/v2\/categories?post=1575"},{"taxonomy":"post_tag","embeddable":true,"href":"https:\/\/www.bbyhaber.com\/bby\/wp-json\/wp\/v2\/tags?post=1575"}],"curies":[{"name":"wp","href":"https:\/\/api.w.org\/{rel}","templated":true}]}}