{"id":1571,"date":"2011-12-10T13:05:38","date_gmt":"2011-12-10T13:05:38","guid":{"rendered":"http:\/\/www.bbyhaber.com\/bby\/?p=1571"},"modified":"2011-12-10T13:06:54","modified_gmt":"2011-12-10T13:06:54","slug":"kemeralti-magazalarina-kutuphane","status":"publish","type":"post","link":"https:\/\/www.bbyhaber.com\/bby\/2011\/12\/10\/kemeralti-magazalarina-kutuphane","title":{"rendered":"Kemeralt\u0131 ma\u011fazalar\u0131na &#8216;k\u00fct\u00fcphane&#8217;"},"content":{"rendered":"<p style=\"text-align: justify;\">\u0130zmir&#8217;in tarihi Kemeralt\u0131 \u00c7ar\u015f\u0131s\u0131&#8217;nda, genelde asgari \u00fccretle \u00e7al\u0131\u015fan tezgahtarlar\u0131n yararlanmas\u0131 amac\u0131yla bir ma\u011fazaya k\u00fct\u00fcphane kuruldu. \u0130zmir&#8217;in Kalbi Kemeralt\u0131 Derne\u011fi (\u0130ZKALP) Ba\u015fkan\u0131 Serpil Bar\u0131\u015f, hizmete giren k\u00fct\u00fcphaneyle ilgili yapt\u0131\u011f\u0131 a\u00e7\u0131klamada, okuman\u0131n \u00f6nemine i\u015faret ederek, dernek olarak \u00e7ar\u015f\u0131 esnaf\u0131 aras\u0131nda kitap okuma al\u0131\u015fkanl\u0131\u011f\u0131yla ilgili ara\u015ft\u0131rma yapt\u0131klar\u0131n\u0131 s\u00f6yledi.<\/p>\n<p style=\"text-align: justify;\">Ara\u015ft\u0131rmada, tezgahtarlar\u0131n \u00e7o\u011funun fiyatlar\u0131n\u0131 gerek\u00e7e g\u00f6sterip kitap okumad\u0131klar\u0131n\u0131 dile getirdi\u011fini belirten Bar\u0131\u015f, \u015f\u00f6yle konu\u015ftu: &#8221;Bar\u0131\u015fa giden yol, ayd\u0131nlanmadan ge\u00e7er, bu da kitap okumaktan ge\u00e7er. \u00c7ar\u015f\u0131daki tezgahtarlar, genelde asgari \u00fccretle \u00e7al\u0131\u015f\u0131yor. \u00c7al\u0131\u015fanlar\u0131m\u0131z\u0131n kitap okumas\u0131 i\u00e7in \u00f6rnek olmas\u0131 amac\u0131yla i\u015f yerimin bir k\u0131sm\u0131na k\u00fct\u00fcphane kurmaya karar verdim. <a title=\"K\u00f6y \u00c7ocuklar\u0131 K\u00fct\u00fcphaneleri Olu\u015fturma, K\u00fclt\u00fcr- Sanat ve Dayan\u0131\u015fma Derne\u011fi\" href=\"http:\/\/www.bbyhaber.com\/bby\/2011\/11\/06\/koy-cocuklari-kutuphaneleri-olusturma-kultur-sanat-ve-dayanisma-dernegi\/\">K\u00f6y \u00c7ocuklar\u0131 K\u00fct\u00fcphaneleri Olu\u015fturma, K\u00fclt\u00fcr-Sanat ve Dayan\u0131\u015fma Derne\u011fi<\/a>&#8216;nin katk\u0131lar\u0131yla yakla\u015f\u0131k 600 kitapl\u0131k bir k\u00fct\u00fcphane kurduk. \u00c7ar\u015f\u0131da \u00e7al\u0131\u015fanlar,k\u00fct\u00fcphaneden istedikleri kitab\u0131 al\u0131p, okuyabilecekler.&#8221; Serpil Bar\u0131\u015f, uygulaman\u0131n di\u011fer b\u00fcy\u00fck ma\u011fazalarda da hayata ge\u00e7irilmesi i\u00e7in \u00e7al\u0131\u015facaklar\u0131n\u0131 ve \u00f6ncelikle Kemeralt\u0131 \u00c7ar\u015f\u0131s\u0131&#8217;ndaki 3-4 ma\u011fazaya daha k\u00fct\u00fcphane kurmay\u0131 ama\u00e7lad\u0131klar\u0131n\u0131 ifade ederek, &#8221;Uygulaman\u0131n di\u011fer ticari i\u015fletmelere de \u00f6rnek olmas\u0131n\u0131 diliyorum. Y\u00fcre\u011finizi sevgisiz, beyninizi bilgisiz, \u00e7al\u0131\u015fan\u0131n\u0131z\u0131 kitaps\u0131z b\u0131rakmay\u0131n\u0131z&#8221; dedi.<\/p>\n<p style=\"text-align: justify;\"><a title=\"K\u00f6y \u00c7ocuklar\u0131 K\u00fct\u00fcphaneleri Olu\u015fturma, K\u00fclt\u00fcr- Sanat ve Dayan\u0131\u015fma Derne\u011fi\" href=\"http:\/\/www.bbyhaber.com\/bby\/2011\/11\/06\/koy-cocuklari-kutuphaneleri-olusturma-kultur-sanat-ve-dayanisma-dernegi\/\">K\u00f6y \u00c7ocuklar\u0131 K\u00fct\u00fcphaneleri Olu\u015fturma, K\u00fclt\u00fcr-Sanat ve Dayan\u0131\u015fma Derne\u011fi Ba\u015fkan\u0131<\/a> Mesut Tim de 100&#8217;den fazla ki\u015fi \u00e7al\u0131\u015fan i\u015fletmelere bir k\u00fct\u00fcphane kurulmas\u0131n\u0131n 2-3 bin liraya mal olaca\u011f\u0131na dikkati \u00e7ekerek, kitap okumas\u0131n\u0131n hem i\u015f\u00e7iye hem i\u015fverene geri d\u00f6n\u00fc\u015f\u00fcn\u00fcn, bu maliyetin katbekat \u00fcst\u00fcnde olaca\u011f\u0131n\u0131 ifade etti.<\/p>\n<p style=\"text-align: justify;\">Kaynak: http:\/\/www.yeniasir.com.tr\/<\/p>\n","protected":false},"excerpt":{"rendered":"<p>\u0130zmir&#8217;in tarihi Kemeralt\u0131 \u00c7ar\u015f\u0131s\u0131&#8217;nda, genelde asgari \u00fccretle \u00e7al\u0131\u015fan tezgahtarlar\u0131n yararlanmas\u0131 amac\u0131yla bir ma\u011fazaya k\u00fct\u00fcphane kuruldu. \u0130zmir&#8217;in Kalbi Kemeralt\u0131 Derne\u011fi (\u0130ZKALP) Ba\u015fkan\u0131 Serpil Bar\u0131\u015f, hizmete giren k\u00fct\u00fcphaneyle ilgili yapt\u0131\u011f\u0131 a\u00e7\u0131klamada, okuman\u0131n \u00f6nemine i\u015faret ederek, dernek olarak \u00e7ar\u015f\u0131 esnaf\u0131 aras\u0131nda kitap okuma al\u0131\u015fkanl\u0131\u011f\u0131yla ilgili ara\u015ft\u0131rma yapt\u0131klar\u0131n\u0131 s\u00f6yledi. Ara\u015ft\u0131rmada, tezgahtarlar\u0131n \u00e7o\u011funun fiyatlar\u0131n\u0131 gerek\u00e7e g\u00f6sterip kitap okumad\u0131klar\u0131n\u0131 dile getirdi\u011fini [&hellip;]<\/p>\n","protected":false},"author":1,"featured_media":0,"comment_status":"open","ping_status":"open","sticky":false,"template":"","format":"standard","meta":{"footnotes":""},"categories":[1],"tags":[],"class_list":["post-1571","post","type-post","status-publish","format-standard","hentry","category-genel"],"_links":{"self":[{"href":"https:\/\/www.bbyhaber.com\/bby\/wp-json\/wp\/v2\/posts\/1571"}],"collection":[{"href":"https:\/\/www.bbyhaber.com\/bby\/wp-json\/wp\/v2\/posts"}],"about":[{"href":"https:\/\/www.bbyhaber.com\/bby\/wp-json\/wp\/v2\/types\/post"}],"author":[{"embeddable":true,"href":"https:\/\/www.bbyhaber.com\/bby\/wp-json\/wp\/v2\/users\/1"}],"replies":[{"embeddable":true,"href":"https:\/\/www.bbyhaber.com\/bby\/wp-json\/wp\/v2\/comments?post=1571"}],"version-history":[{"count":0,"href":"https:\/\/www.bbyhaber.com\/bby\/wp-json\/wp\/v2\/posts\/1571\/revisions"}],"wp:attachment":[{"href":"https:\/\/www.bbyhaber.com\/bby\/wp-json\/wp\/v2\/media?parent=1571"}],"wp:term":[{"taxonomy":"category","embeddable":true,"href":"https:\/\/www.bbyhaber.com\/bby\/wp-json\/wp\/v2\/categories?post=1571"},{"taxonomy":"post_tag","embeddable":true,"href":"https:\/\/www.bbyhaber.com\/bby\/wp-json\/wp\/v2\/tags?post=1571"}],"curies":[{"name":"wp","href":"https:\/\/api.w.org\/{rel}","templated":true}]}}