{"id":15606,"date":"2014-12-15T22:26:58","date_gmt":"2014-12-15T20:26:58","guid":{"rendered":"http:\/\/www.bbyhaber.com\/bby\/?p=15606"},"modified":"2015-01-07T16:35:38","modified_gmt":"2015-01-07T14:35:38","slug":"ankaranin-en-kucuk-halk-kutuphanesi","status":"publish","type":"post","link":"https:\/\/www.bbyhaber.com\/bby\/2014\/12\/15\/ankaranin-en-kucuk-halk-kutuphanesi","title":{"rendered":"Ankara&#8217;n\u0131n en k\u00fc\u00e7\u00fck \u201cHalk K\u00fct\u00fcphanesi\u201d"},"content":{"rendered":"<p style=\"text-align: justify;\"><span><img loading=\"lazy\" decoding=\"async\" class=\"alignleft\" src=\"http:\/\/www.bbyhaber.com\/bby\/wp-content\/uploads\/2015\/01\/hastane-onu-halkkutuphanesi.jpg\" alt=\"\" width=\"261\" height=\"128\" \/>D\u0131\u015fkap\u0131 Y\u0131ld\u0131r\u0131m Beyaz\u0131t E\u011fitim ve Ara\u015ft\u0131rma Hastanesi (eski ad\u0131yla SSK Hastanesi)\u2019nin nizamiyesini ge\u00e7ince hemen solda iki kul\u00fcbe var. 3\u2019er metrekarelik bu kul\u00fcbelerin ilki Bedri Bademci\u2019nin Halk K\u00fct\u00fcphanesi, di\u011feri ise Simit\u00e7i B\u00fcfesi. 1947\u2019de do\u011fu\u015ftan engelli d\u00fcnyaya gelen\u00a0<strong>Bedri Bademci<\/strong>, Toprakl\u0131k Ate\u015fderesi\u2019nde otururken 5 ya\u015f\u0131nda okuyup yazmaya ba\u015flam\u0131\u015f.<!--more--> Mithatpa\u015fa \u0130lkokulu\u2019ndan sonra gitti\u011fi Kurtulu\u015f \u0130lkokulu\u2019nu i\u00e7inden eksilmeyen kitap merak\u0131 ile terk etmi\u015f. A\u011fabeyinden \u201ccam tezyinat\u0131\u201d \u00f6\u011frenmi\u015f, uzun y\u0131llar \u201calaydan yeti\u015fme dekorat\u00f6rl\u00fck\u201d yapm\u0131\u015f. \u00c7e\u015fitli i\u015fyerlerinde, bazen de kendinin patronu olarak \u00e7e\u015fitli i\u015fleri denedikten sonra, 2001\u2019de bu hastanenin bah\u00e7esinde \u201cTelekom kart\u0131\u201d sat\u0131\u015fyeri \u00e7al\u0131\u015ft\u0131rm\u0131\u015f. Cep telefonlar\u0131ndan \u00f6t\u00fcr\u00fc, kart i\u015finin sonuna gelindi\u011fi 2006 y\u0131l\u0131ndan ba\u015flayarak da simit\u00e7i b\u00fcfesine ge\u00e7mi\u015f. 23 Mart 2008\u2019de bu b\u00fcfenin yan\u0131na \u201cHalk K\u00fct\u00fcphanesi\u201dni eklemi\u015f.<\/span><\/p>\n<p style=\"text-align: justify;\"><span>Kendisini Halk K\u00fct\u00fcphanecisi Bedri Bademci olarak tan\u0131t\u0131yor. Kitapl\u0131k kurmas\u0131ndaki ama\u00e7lar\u0131n\u0131, \u201chastane bah\u00e7esinde bekleyen hastalara ve yak\u0131nlar\u0131na kitap okutmak ve kitap okuma al\u0131\u015fkanl\u0131\u011f\u0131 edindirmek, okumak isteyip de okuma olana\u011f\u0131 bulamayan insanlara kitap ula\u015ft\u0131rmak, kitapl\u0131\u011f\u0131n cam\u0131nda da belirtti\u011fi \u00fczere engelli arkada\u015flar\u0131n evlerine kitap servisi yapmak, 900 km. uzunlu\u011funda kitap raf\u0131 olu\u015fturmak(haydi, bunu nas\u0131l ba\u015farmay\u0131 d\u00fc\u015f\u00fcnd\u00fc\u011f\u00fcn\u00fc ben yazmay\u0131m, siz gidin kendiniz \u00f6\u011frenin)\u201d olarak s\u0131ral\u0131yor.<\/span><\/p>\n<p>&nbsp;<\/p>\n<p style=\"text-align: justify;\"><span>Bademci, b\u00fcfesinde g\u00fcnde 250-300 kadar her zaman s\u0131cak simitin yan\u0131 s\u0131ra ayran, meyve suyu, su ve peynir satarak hem ge\u00e7imini sa\u011flamaya, hem de kitap edinmeye \u00e7al\u0131\u015f\u0131yor. Kendisine ba\u011f\u0131\u015f olarak getirilen kitaplara \u201cHalk K\u00fct\u00fcphanesi\u201dnin ka\u015fesini basarak raflar\u0131na yerle\u015ftiriyor. \u00d6d\u00fcn\u00e7 kitap almak \u00fccretsiz. Herhangi bir kimlik ya da depozito b\u0131rak\u0131lmas\u0131 s\u00f6zkonusu de\u011fil. Kitap alan, geri getirdi\u011finde yeni bir kitap alabiliyor, ayn\u0131 anda iki kitap alam\u0131yor (Ancak, \u00f6d\u00fcn\u00e7 verdi\u011fi kitaplar\u0131n %90\u2019\u0131n\u0131n geri getirilmedi\u011fini \u00fcz\u00fclerek ve onlar ad\u0131na utanarak vurguluyor). Kitapl\u0131kta \u015fu an i\u00e7in 700 civar\u0131nda kitap var. 6 y\u0131lda 20.000\u2019e yak\u0131n kitap da\u011f\u0131tt\u0131\u011f\u0131n\u0131 bildi\u011fine g\u00f6re, demek ki 19.000\u2019i a\u015fk\u0131n kitap geri d\u00f6nmemi\u015f. Bir arkada\u015f\u0131 bir aral\u0131k kitaplar\u0131n katalo\u011funu da yazm\u0131\u015f sitelerine, ancak kitaplar eksilmeye ba\u015flay\u0131nca, yan\u0131lt\u0131c\u0131 bilgi vermemek i\u00e7in bu uygulamadan vazge\u00e7mi\u015fler.<\/span><\/p>\n<p style=\"text-align: justify;\"><span>Bademci\u2019nin \u015fu s\u0131ralar hastane y\u00f6netimi ile ba\u015f\u0131 dertte. 2013\u2019e kadar metrekare ba\u015f\u0131na y\u0131ll\u0131k 131 TL. kira \u00f6derken, ge\u00e7ti\u011fimiz y\u0131l bu miktar\u0131 900 TL. olmak \u00fczere toplam 2700 TL.\u2019na \u00e7\u0131karmas\u0131 ve biriken borcunu 15 g\u00fcn i\u00e7inde \u00f6demesi tebli\u011f edilmi\u015f. O da, hastane i\u00e7indeki di\u011fer i\u015fyerlerinde bu miktar\u0131n sadece 30 TL. oldu\u011funu bildi\u011finden isyan ederek mahkemeye ba\u015fvurmu\u015f. \u015eimdi, davan\u0131n karara ba\u011flanaca\u011f\u0131 17 ARALIK 2014 g\u00fcn\u00fcn\u00fc merakla bekliyor.<\/span><\/p>\n<address><span>Telefonlar\u0131 0545.3315010 ve 3472721 olan ve\u00a0<a href=\"http:\/\/www.facebook.com\/kutuphanee\" target=\"_blank\">www.facebook.com\/kutuphane<\/a>\u00a0adresinde olan Bedri Bademci\u2019yi numaralar\u0131n\u0131 benden ald\u0131\u011f\u0131n\u0131z\u0131\u00a0<strong>(<em>SAVA\u015e S\u00d6NMEZ<\/em>)<\/strong> belirterek ARAYIN, ya da G\u0130D\u0130N \u2013 TANI\u015eIN \u2013 KONU\u015eUN \u2013 K\u0130TAP BA\u011eI\u015eLAYIN \u2013 SAH\u0130P \u00c7IKIN ki Ankara bu EN K\u00dc\u00c7\u00dcK HALK K\u00dcT\u00dcPHANES\u0130\u2019nden yoksun kalmas\u0131n.<\/span><\/address>\n<p style=\"text-align: justify;\"><a href=\"http:\/\/www.sanattanyansimalar.com\/yazarlar\/savas-sonmez\/ankara-nin-en-kucuk-halk-kutuphanesi\/374\/\" target=\"_blank\">Kaynak<\/a><\/p>\n","protected":false},"excerpt":{"rendered":"<p>D\u0131\u015fkap\u0131 Y\u0131ld\u0131r\u0131m Beyaz\u0131t E\u011fitim ve Ara\u015ft\u0131rma Hastanesi (eski ad\u0131yla SSK Hastanesi)\u2019nin nizamiyesini ge\u00e7ince hemen solda iki kul\u00fcbe var. 3\u2019er metrekarelik bu kul\u00fcbelerin ilki Bedri Bademci\u2019nin Halk K\u00fct\u00fcphanesi, di\u011feri ise Simit\u00e7i B\u00fcfesi. 1947\u2019de do\u011fu\u015ftan engelli d\u00fcnyaya gelen\u00a0Bedri Bademci, Toprakl\u0131k Ate\u015fderesi\u2019nde otururken 5 ya\u015f\u0131nda okuyup yazmaya ba\u015flam\u0131\u015f.<\/p>\n","protected":false},"author":129,"featured_media":0,"comment_status":"open","ping_status":"open","sticky":false,"template":"","format":"standard","meta":{"footnotes":""},"categories":[1],"tags":[],"class_list":["post-15606","post","type-post","status-publish","format-standard","hentry","category-genel"],"_links":{"self":[{"href":"https:\/\/www.bbyhaber.com\/bby\/wp-json\/wp\/v2\/posts\/15606"}],"collection":[{"href":"https:\/\/www.bbyhaber.com\/bby\/wp-json\/wp\/v2\/posts"}],"about":[{"href":"https:\/\/www.bbyhaber.com\/bby\/wp-json\/wp\/v2\/types\/post"}],"author":[{"embeddable":true,"href":"https:\/\/www.bbyhaber.com\/bby\/wp-json\/wp\/v2\/users\/129"}],"replies":[{"embeddable":true,"href":"https:\/\/www.bbyhaber.com\/bby\/wp-json\/wp\/v2\/comments?post=15606"}],"version-history":[{"count":0,"href":"https:\/\/www.bbyhaber.com\/bby\/wp-json\/wp\/v2\/posts\/15606\/revisions"}],"wp:attachment":[{"href":"https:\/\/www.bbyhaber.com\/bby\/wp-json\/wp\/v2\/media?parent=15606"}],"wp:term":[{"taxonomy":"category","embeddable":true,"href":"https:\/\/www.bbyhaber.com\/bby\/wp-json\/wp\/v2\/categories?post=15606"},{"taxonomy":"post_tag","embeddable":true,"href":"https:\/\/www.bbyhaber.com\/bby\/wp-json\/wp\/v2\/tags?post=15606"}],"curies":[{"name":"wp","href":"https:\/\/api.w.org\/{rel}","templated":true}]}}