{"id":15602,"date":"2014-12-11T16:30:43","date_gmt":"2014-12-11T14:30:43","guid":{"rendered":"http:\/\/www.bbyhaber.com\/bby\/?p=15602"},"modified":"2015-02-12T09:41:01","modified_gmt":"2015-02-12T07:41:01","slug":"xvii-akademik-bilisim-konferansi-4-6-subat-2015eskisehir","status":"publish","type":"post","link":"https:\/\/www.bbyhaber.com\/bby\/2014\/12\/11\/xvii-akademik-bilisim-konferansi-4-6-subat-2015eskisehir","title":{"rendered":"XVII.Akademik Bili\u015fim Konferans\u0131-4-6 \u015eubat 2015,Eski\u015fehir"},"content":{"rendered":"<p style=\"text-align: justify;\">\u00dcniversitelerde bilgi teknolojileri konusunda ilgili gruplar\u0131 biraraya getirerek, bilgi teknolojileri altyap\u0131s\u0131, kullan\u0131m\u0131, e\u011fitimi ve \u00fcretimini t\u00fcm boyutlar\u0131yla tan\u0131tmak, tart\u0131\u015fmak, tecr\u00fcbeleri payla\u015fmak, ve ortak politika olu\u015fturmak ama\u00e7lar\u0131yla ulusal boyutta Akademik Bili\u015fim 2015 konferans\u0131 d\u00fczenlenmi\u015ftir. Konferansta davetli bildiriler, tam ve k\u0131sa bildiriler, konferans \u00f6ncesi kurslar, konferans i\u00e7i e\u011fitim seminerleri ve yap\u0131land\u0131r\u0131lm\u0131\u015f \u00e7al\u0131\u015fma grubu\/a\u00e7\u0131k oturum t\u00fcr\u00fc etkinlikler yap\u0131lacakt\u0131r. Konferans ilgili herkese a\u00e7\u0131kt\u0131r; ve \u00fccretsizdir.<!--more--><\/p>\n<p style=\"text-align: justify;\">Anadolu \u00dcniversitesi, Akademik Bili\u015fim Konferans\u0131na 31 Ocak-6 \u015eubat 2015 tarihleri aras\u0131nda ev sahipli\u011fi yapacakt\u0131r. AB2015 Anadolu\u2019da Konferas\u0131\u2019n\u0131n ana temas\u0131 toplumda, y\u00f6netimde, sistemlerde, yaz\u0131l\u0131mlarda, \u00f6\u011frenmede, e\u011fitimde a\u00e7\u0131kl\u0131kt\u0131r. T\u00fcm akademisyen ve ilgililer davetlidir. Bildiri g\u00f6nderme, sergiye kat\u0131l\u0131m ve sponsorluk i\u00e7in ba\u011flant\u0131lar\u0131 kullan\u0131n\u0131z.<\/p>\n<p style=\"text-align: justify;\"><strong>XVII. AKADEM\u0130K B\u0130L\u0130\u015e\u0130M KONFERANSI &#8212; AB 2015 4-6 \u015eubat 2015 Anadolu \u00dcniversitesi Eski\u015fehir<\/strong><\/p>\n<p style=\"text-align: justify;\">Son \u00f6neri g\u00f6nderme Tarihi:<strong> 15 Aral\u0131k 2014<\/strong><\/p>\n","protected":false},"excerpt":{"rendered":"<p>\u00dcniversitelerde bilgi teknolojileri konusunda ilgili gruplar\u0131 biraraya getirerek, bilgi teknolojileri altyap\u0131s\u0131, kullan\u0131m\u0131, e\u011fitimi ve \u00fcretimini t\u00fcm boyutlar\u0131yla tan\u0131tmak, tart\u0131\u015fmak, tecr\u00fcbeleri payla\u015fmak, ve ortak politika olu\u015fturmak ama\u00e7lar\u0131yla ulusal boyutta Akademik Bili\u015fim 2015 konferans\u0131 d\u00fczenlenmi\u015ftir. Konferansta davetli bildiriler, tam ve k\u0131sa bildiriler, konferans \u00f6ncesi kurslar, konferans i\u00e7i e\u011fitim seminerleri ve yap\u0131land\u0131r\u0131lm\u0131\u015f \u00e7al\u0131\u015fma grubu\/a\u00e7\u0131k oturum t\u00fcr\u00fc etkinlikler yap\u0131lacakt\u0131r. [&hellip;]<\/p>\n","protected":false},"author":1,"featured_media":0,"comment_status":"open","ping_status":"open","sticky":false,"template":"","format":"standard","meta":{"footnotes":""},"categories":[],"tags":[514,1395],"class_list":["post-15602","post","type-post","status-publish","format-standard","hentry","tag-akademik-bilisim","tag-bby-mesleki-etkinlikler-arsivi"],"_links":{"self":[{"href":"https:\/\/www.bbyhaber.com\/bby\/wp-json\/wp\/v2\/posts\/15602"}],"collection":[{"href":"https:\/\/www.bbyhaber.com\/bby\/wp-json\/wp\/v2\/posts"}],"about":[{"href":"https:\/\/www.bbyhaber.com\/bby\/wp-json\/wp\/v2\/types\/post"}],"author":[{"embeddable":true,"href":"https:\/\/www.bbyhaber.com\/bby\/wp-json\/wp\/v2\/users\/1"}],"replies":[{"embeddable":true,"href":"https:\/\/www.bbyhaber.com\/bby\/wp-json\/wp\/v2\/comments?post=15602"}],"version-history":[{"count":0,"href":"https:\/\/www.bbyhaber.com\/bby\/wp-json\/wp\/v2\/posts\/15602\/revisions"}],"wp:attachment":[{"href":"https:\/\/www.bbyhaber.com\/bby\/wp-json\/wp\/v2\/media?parent=15602"}],"wp:term":[{"taxonomy":"category","embeddable":true,"href":"https:\/\/www.bbyhaber.com\/bby\/wp-json\/wp\/v2\/categories?post=15602"},{"taxonomy":"post_tag","embeddable":true,"href":"https:\/\/www.bbyhaber.com\/bby\/wp-json\/wp\/v2\/tags?post=15602"}],"curies":[{"name":"wp","href":"https:\/\/api.w.org\/{rel}","templated":true}]}}