{"id":15591,"date":"2014-12-09T11:45:49","date_gmt":"2014-12-09T09:45:49","guid":{"rendered":"http:\/\/www.bbyhaber.com\/bby\/?p=15591"},"modified":"2014-12-09T12:43:13","modified_gmt":"2014-12-09T10:43:13","slug":"osmanliarsivleri-binasi-otel-oldu-yeni-bina-dere-yatagina-yapildi","status":"publish","type":"post","link":"https:\/\/www.bbyhaber.com\/bby\/2014\/12\/09\/osmanliarsivleri-binasi-otel-oldu-yeni-bina-dere-yatagina-yapildi","title":{"rendered":"Osmanl\u0131 Ar\u015fivleri binas\u0131 otel oldu, yeni bina dere yata\u011f\u0131na yap\u0131ld\u0131"},"content":{"rendered":"<p style=\"text-align: justify;\"><img loading=\"lazy\" decoding=\"async\" class=\"alignleft\" src=\"http:\/\/media-cdn.t24.com.tr\/media\/stories\/2014\/12\/page_osmanli-arsivleri-binasi-otel-oldu-yeni-bina-dere-yatagina-yapildi_172925333.jpg\" alt=\"\" width=\"198\" height=\"151\" \/>Antalya&#8217;da ger\u00e7ekle\u015ftirilen 19. Milli E\u011fitim \u015euras\u0131&#8217;nda E\u011fitim Bir-Sen taraf\u0131ndan getirilen Osmanl\u0131ca&#8217;n\u0131n orta \u00f6\u011fretim kurulunda zorunlu \u00f6\u011fretilmesini, Cumhurba\u015fkan\u0131 Recep Tayyip Erdo\u011fan da &#8220;\u0130steseler de istemeseler de Osmanl\u0131ca \u00f6\u011fretilecek, \u00f6\u011frenilecek&#8221; s\u00f6zleriyle savundu. Ancak Sultanahmet&#8217;te bulunan Osmanl\u0131 ar\u015fivlerinin bulundu\u011fu bina otel yap\u0131l\u0131p, dere yata\u011f\u0131nda bulunan Ka\u011f\u0131thane&#8217;ye ta\u015f\u0131n\u0131nca belgelerin silinmeye ba\u015flad\u0131\u011f\u0131 ileri s\u00fcr\u00fcld\u00fc.<!--more--><\/p>\n<p style=\"text-align: justify;\">Yeni ku\u015faklar\u0131 tarih ara\u015ft\u0131rmac\u0131s\u0131 bir y\u00f6nelime sokacak olan zorunlu Osmanl\u0131ca \u00f6\u011fretilmesi tart\u0131\u015fmas\u0131ndaki bu g\u00f6nderme, Osmanl\u0131 Ar\u015fivlerini hat\u0131ra getirdi. Ge\u00e7en y\u0131la kadar binas\u0131, imparatorlu\u011fun y\u00f6netim merkezi olan Sultanahmet&#8217;te bulunan Ar\u015fiv, Haziran 2013&#8217;te Ka\u011f\u0131thane&#8217;ye ta\u015f\u0131nm\u0131\u015ft\u0131. 400 y\u0131ll\u0131k tarihi ar\u015fiv binas\u0131nda, &#8220;yenileme projesi&#8221; ba\u015flat\u0131lm\u0131\u015ft\u0131.<\/p>\n<p style=\"text-align: justify;\">400 y\u0131ll\u0131k ar\u015fiv binas\u0131 art\u0131k otel<\/p>\n<p style=\"text-align: justify;\">cnnt\u00fcrk.com&#8217;un haberine g\u00f6re, Ticarethane Sokak\u2019ta bulunan Ba\u015fbakanl\u0131k Osmanl\u0131 Ar\u015fivi binas\u0131 bo\u015falt\u0131l\u0131r bo\u015falt\u0131lmaz tadilata al\u0131nm\u0131\u015f, binan\u0131n etraf\u0131na \u00f6nce b\u00fcy\u00fck duvarlar \u00f6r\u00fclm\u00fc\u015ft\u00fc.<\/p>\n<p style=\"text-align: justify;\">Ba\u015f\u0131na da \u201cBa\u015fbakanl\u0131k Osmanl\u0131 Ar\u015fivi restorasyon \u00e7al\u0131\u015fmas\u0131\u201d yaz\u0131lm\u0131\u015ft\u0131. Ancak \u00e7al\u0131\u015fmalar zamanla yerini l\u00fcks bir otele b\u0131rakt\u0131. Ar\u015fiv bah\u00e7esinde bulunan limon, defne ve asma a\u011fa\u00e7lar\u0131 da kesildi. \u0130n\u015faat s\u0131ras\u0131nda as\u0131rl\u0131k \u00e7\u0131narlar da zarar g\u00f6rd\u00fc, kurumaya terk edildi.<\/p>\n<p style=\"text-align: justify;\">M\u00fclkiyeti \u0130stanbul \u0130l \u00d6zel \u0130daresi&#8217;ne ait bina, \u0130pekyolu Kuyumculuk K\u0131ymetli Ta\u015flar Turizm Otelcilik San.Tic.Ltd.\u015eti taraf\u0131ndan kiralanarak, otele d\u00f6n\u00fc\u015ft\u00fcr\u00fcld\u00fc. Otel de a\u00e7\u0131larak hizmete girdi.<\/p>\n<p style=\"text-align: justify;\">Ar\u015fiv dere yata\u011f\u0131na ta\u015f\u0131nd\u0131<\/p>\n<p style=\"text-align: justify;\">Yakla\u015f\u0131k 100 milyon belge ve 370 bin defterin bulundu\u011fu ar\u015fiv i\u00e7in ise Cendere Vadisi\u2019nde \u0130stanbul B\u00fcy\u00fck\u015fehir Belediyesi\u2019ne ait arsan\u0131n bir b\u00f6l\u00fcm\u00fc ile hazine taraf\u0131ndan Milli E\u011fitim Bakanl\u0131\u011f\u0131na tahsisli arsan\u0131n bir b\u00f6l\u00fcm\u00fcnden olu\u015fan toplam 55 bin 809 metrekarelik alan tescillendi. Hassa Mimarl\u0131k taraf\u0131ndan projeleri haz\u0131rlanan ar\u015fiv sitesinin ihalesi, TOK\u0130 taraf\u0131ndan ger\u00e7ekle\u015ftirildi.<\/p>\n<p style=\"text-align: justify;\">Uzmanlar uyarm\u0131\u015ft\u0131<\/p>\n<p style=\"text-align: justify;\">Yakla\u015f\u0131k bir y\u0131l \u00f6nce a\u00e7\u0131l\u0131\u015f\u0131 yap\u0131lan yeni Osmanl\u0131 Ar\u015fivleri binas\u0131 Ka\u011f\u0131thane Deresi\u2019ne olan yak\u0131nl\u0131\u011f\u0131 ve bir o kadar merkeze uzak olu\u015fu sebebiyle tart\u0131\u015fmalara neden oldu. Uzmanlar ar\u015fivi, Ka\u011f\u0131thane Deresi&#8217;nin \u00e7ok yak\u0131n\u0131na, rutubetin bir yere g\u00f6t\u00fcrmenin risklerine dikkat \u00e7ekmi\u015f ve uyar\u0131da bulunmu\u015ftu. Prof. Dr. \u0130lber Ortayl\u0131, bas\u0131na yans\u0131yan deme\u00e7lerinde, &#8220;Ba\u015fbakanl\u0131k Osmanl\u0131 Ar\u015fivi\u2019nin yeri Bab-\u0131 Ali\u2019dir. Osmanl\u0131 ar\u015fivini Ka\u011f\u0131thane\u2019ye ta\u015f\u0131mak ay\u0131pt\u0131r, g\u00f6rg\u00fcs\u00fczl\u00fckt\u00fcr, densizliktir. Eski bir imparatorlu\u011fun, eski bir milletin y\u00f6netimine yak\u0131\u015fm\u0131yor bu kadar laubalilik&#8221; diye \u00e7ok sert bir \u015fekilde tepki g\u00f6stermi\u015fti.<\/p>\n<p style=\"text-align: justify;\">Ar\u015fiv binas\u0131n\u0131n Ka\u011f\u0131thane&#8217;de yap\u0131ld\u0131\u011f\u0131 yerle ilgili meslek odalar\u0131 da olumsuz g\u00f6r\u00fc\u015f bildirmi\u015f, \u0130n\u015faat M\u00fchendisleri odas\u0131, ta\u015fk\u0131n alan\u0131 i\u00e7ine ar\u015fiv gibi \u00f6zellik ta\u015f\u0131yan binalar\u0131n yap\u0131lmas\u0131n\u0131n yanl\u0131\u015f oldu\u011funu a\u00e7\u0131klam\u0131\u015f, &#8220;Dere yataklar\u0131 i\u00e7erisinde bulunan yerleri ar\u015fiv binas\u0131 olarak kullanmamak laz\u0131m&#8221; denilmi\u015fti.<\/p>\n<p style=\"text-align: justify;\">&#8220;Belgeler rutubetten zarar g\u00f6r\u00fcyor&#8221; iddias\u0131<\/p>\n<p style=\"text-align: justify;\">Uzmanlar\u0131n uyar\u0131s\u0131n\u0131 hakl\u0131 \u00e7\u0131karan iddialar, ge\u00e7ti\u011fimiz Haziran ve Temmuz aylar\u0131ndaki ya\u011f\u0131\u015flar\u0131n ard\u0131ndan g\u00fcndeme geldi. Dere yata\u011f\u0131ndaki binay\u0131 su bast\u0131\u011f\u0131, binada olu\u015fan \u00e7atlaklar nedeniyle ar\u015five su s\u0131zd\u0131\u011f\u0131 ve ar\u015fivden kokular gelmeye ba\u015flad\u0131\u011f\u0131 iddialar\u0131 bas\u0131na yans\u0131d\u0131. Ar\u015fivde \u00e7al\u0131\u015fan ara\u015ft\u0131rmac\u0131lar ise baz\u0131 belgelerin \u0131slak ya da nemli oldu\u011funu ileri s\u00fcrd\u00fc.<\/p>\n<p style=\"text-align: justify;\">Bunun \u00fczerine Mimarlar Odas\u0131 \u0130stanbul B\u00fcy\u00fckkent \u015eubesi, Devlet Ar\u015fivleri Genel M\u00fcd\u00fcrl\u00fc\u011f\u00fc&#8217;ne konuyu sordu. Ancak verilen cevapta, \u201cBelge muhafaz\u0131s\u0131 i\u00e7in her t\u00fcrl\u00fc modern \u00f6nlemin al\u0131nd\u0131\u011f\u0131n\u0131 ve sistemde nem alma nem vermenin d\u00fcnya standartlar\u0131nda yap\u0131ld\u0131\u011f\u0131\u201d belirtildi.<\/p>\n<p style=\"text-align: justify;\">Kaynak:http:\/\/t24.com.tr\/<\/p>\n","protected":false},"excerpt":{"rendered":"<p>Antalya&#8217;da ger\u00e7ekle\u015ftirilen 19. Milli E\u011fitim \u015euras\u0131&#8217;nda E\u011fitim Bir-Sen taraf\u0131ndan getirilen Osmanl\u0131ca&#8217;n\u0131n orta \u00f6\u011fretim kurulunda zorunlu \u00f6\u011fretilmesini, Cumhurba\u015fkan\u0131 Recep Tayyip Erdo\u011fan da &#8220;\u0130steseler de istemeseler de Osmanl\u0131ca \u00f6\u011fretilecek, \u00f6\u011frenilecek&#8221; s\u00f6zleriyle savundu. Ancak Sultanahmet&#8217;te bulunan Osmanl\u0131 ar\u015fivlerinin bulundu\u011fu bina otel yap\u0131l\u0131p, dere yata\u011f\u0131nda bulunan Ka\u011f\u0131thane&#8217;ye ta\u015f\u0131n\u0131nca belgelerin silinmeye ba\u015flad\u0131\u011f\u0131 ileri s\u00fcr\u00fcld\u00fc.<\/p>\n","protected":false},"author":1,"featured_media":0,"comment_status":"open","ping_status":"open","sticky":false,"template":"","format":"standard","meta":{"footnotes":""},"categories":[1,1593],"tags":[1096],"class_list":["post-15591","post","type-post","status-publish","format-standard","hentry","category-genel","category-osmanli-arsiv-sitesi","tag-arsivcilik"],"_links":{"self":[{"href":"https:\/\/www.bbyhaber.com\/bby\/wp-json\/wp\/v2\/posts\/15591"}],"collection":[{"href":"https:\/\/www.bbyhaber.com\/bby\/wp-json\/wp\/v2\/posts"}],"about":[{"href":"https:\/\/www.bbyhaber.com\/bby\/wp-json\/wp\/v2\/types\/post"}],"author":[{"embeddable":true,"href":"https:\/\/www.bbyhaber.com\/bby\/wp-json\/wp\/v2\/users\/1"}],"replies":[{"embeddable":true,"href":"https:\/\/www.bbyhaber.com\/bby\/wp-json\/wp\/v2\/comments?post=15591"}],"version-history":[{"count":0,"href":"https:\/\/www.bbyhaber.com\/bby\/wp-json\/wp\/v2\/posts\/15591\/revisions"}],"wp:attachment":[{"href":"https:\/\/www.bbyhaber.com\/bby\/wp-json\/wp\/v2\/media?parent=15591"}],"wp:term":[{"taxonomy":"category","embeddable":true,"href":"https:\/\/www.bbyhaber.com\/bby\/wp-json\/wp\/v2\/categories?post=15591"},{"taxonomy":"post_tag","embeddable":true,"href":"https:\/\/www.bbyhaber.com\/bby\/wp-json\/wp\/v2\/tags?post=15591"}],"curies":[{"name":"wp","href":"https:\/\/api.w.org\/{rel}","templated":true}]}}