{"id":15568,"date":"2014-12-07T20:13:52","date_gmt":"2014-12-07T18:13:52","guid":{"rendered":"http:\/\/www.bbyhaber.com\/bby\/?p=15568"},"modified":"2014-12-19T22:06:46","modified_gmt":"2014-12-19T20:06:46","slug":"bilgi-profesyoneli-kimdir-ne-yapar-nicin-yapar-prof-dr-irfan-cakin","status":"publish","type":"post","link":"https:\/\/www.bbyhaber.com\/bby\/2014\/12\/07\/bilgi-profesyoneli-kimdir-ne-yapar-nicin-yapar-prof-dr-irfan-cakin","title":{"rendered":"Bilgi Profesyoneli Kimdir? Ne Yapar? Ni\u00e7in Yapar?-Prof. Dr. \u0130rfan \u00c7ak\u0131n"},"content":{"rendered":"<p style=\"text-align: justify;\">&#8220;Bilindi\u011fi gibi, son g\u00fcnlerde mesle\u011fimiz ile ilgili olarak &#8220;Gelecekte K\u00fct\u00fcphaneler&#8221; konusu tart\u0131\u015f\u0131lmakta. Bu ba\u011flamda anlaml\u0131 bir ba\u015flang\u0131\u00e7 yapabilmek i\u00e7in \u00f6nce, bilgi profesyoneli olarak kim oldu\u011fumuzu, ne yapt\u0131\u011f\u0131m\u0131z\u0131 ve yapt\u0131klar\u0131m\u0131z\u0131 ni\u00e7in yapt\u0131\u011f\u0131m\u0131z\u0131 ele almak i\u00e7in s\u00f6yle\u015fiye\u00a0<strong>Bilgi Profesyoneli Kimdir? \u00a0Ne Yapar? Ni\u00e7in Yapar?<\/strong>\u00a0\u00e7er\u00e7evesinde ba\u015flay\u0131p, gelecek sorular \u00e7er\u00e7evesinde geli\u015ftirece\u011fiz. [\u0130rfan \u00c7ak\u0131n]&#8221;<!--more--><\/p>\n<p style=\"text-align: justify;\">Prof. Dr. \u0130rfan \u00c7ak\u0131n ile;\u00a0<strong>7. TKD Kamp\u00fcs S\u00f6yle\u015fisi<\/strong> <strong>19 Aral\u0131k 2014 Cuma &#8211; Saat 18:00&#8242;<\/strong>da <strong>T\u00fcrk K\u00fct\u00fcphaneciler Derne\u011fi Genel Merkezi<\/strong>&#8216;nde ger\u00e7ekle\u015ftirilecektir.<\/p>\n<p style=\"text-align: justify;\">\n","protected":false},"excerpt":{"rendered":"<p>&#8220;Bilindi\u011fi gibi, son g\u00fcnlerde mesle\u011fimiz ile ilgili olarak &#8220;Gelecekte K\u00fct\u00fcphaneler&#8221; konusu tart\u0131\u015f\u0131lmakta. Bu ba\u011flamda anlaml\u0131 bir ba\u015flang\u0131\u00e7 yapabilmek i\u00e7in \u00f6nce, bilgi profesyoneli olarak kim oldu\u011fumuzu, ne yapt\u0131\u011f\u0131m\u0131z\u0131 ve yapt\u0131klar\u0131m\u0131z\u0131 ni\u00e7in yapt\u0131\u011f\u0131m\u0131z\u0131 ele almak i\u00e7in s\u00f6yle\u015fiye\u00a0Bilgi Profesyoneli Kimdir? \u00a0Ne Yapar? Ni\u00e7in Yapar?\u00a0\u00e7er\u00e7evesinde ba\u015flay\u0131p, gelecek sorular \u00e7er\u00e7evesinde geli\u015ftirece\u011fiz. [\u0130rfan \u00c7ak\u0131n]&#8221;<\/p>\n","protected":false},"author":1,"featured_media":0,"comment_status":"open","ping_status":"open","sticky":false,"template":"","format":"standard","meta":{"footnotes":""},"categories":[1],"tags":[1395,635,851],"class_list":["post-15568","post","type-post","status-publish","format-standard","hentry","category-genel","tag-bby-mesleki-etkinlikler-arsivi","tag-prof-dr-irfan-cakin","tag-tkd-kampus"],"_links":{"self":[{"href":"https:\/\/www.bbyhaber.com\/bby\/wp-json\/wp\/v2\/posts\/15568"}],"collection":[{"href":"https:\/\/www.bbyhaber.com\/bby\/wp-json\/wp\/v2\/posts"}],"about":[{"href":"https:\/\/www.bbyhaber.com\/bby\/wp-json\/wp\/v2\/types\/post"}],"author":[{"embeddable":true,"href":"https:\/\/www.bbyhaber.com\/bby\/wp-json\/wp\/v2\/users\/1"}],"replies":[{"embeddable":true,"href":"https:\/\/www.bbyhaber.com\/bby\/wp-json\/wp\/v2\/comments?post=15568"}],"version-history":[{"count":0,"href":"https:\/\/www.bbyhaber.com\/bby\/wp-json\/wp\/v2\/posts\/15568\/revisions"}],"wp:attachment":[{"href":"https:\/\/www.bbyhaber.com\/bby\/wp-json\/wp\/v2\/media?parent=15568"}],"wp:term":[{"taxonomy":"category","embeddable":true,"href":"https:\/\/www.bbyhaber.com\/bby\/wp-json\/wp\/v2\/categories?post=15568"},{"taxonomy":"post_tag","embeddable":true,"href":"https:\/\/www.bbyhaber.com\/bby\/wp-json\/wp\/v2\/tags?post=15568"}],"curies":[{"name":"wp","href":"https:\/\/api.w.org\/{rel}","templated":true}]}}