{"id":15564,"date":"2014-12-07T02:16:12","date_gmt":"2014-12-07T00:16:12","guid":{"rendered":"http:\/\/www.bbyhaber.com\/bby\/?p=15564"},"modified":"2015-01-07T16:41:31","modified_gmt":"2015-01-07T14:41:31","slug":"dunyanin-ilk-moda-kutuphanesi-acildi","status":"publish","type":"post","link":"https:\/\/www.bbyhaber.com\/bby\/2014\/12\/07\/dunyanin-ilk-moda-kutuphanesi-acildi","title":{"rendered":"D\u00fcnyan\u0131n ilk &#8220;moda k\u00fct\u00fcphanesi&#8221; a\u00e7\u0131ld\u0131"},"content":{"rendered":"<p style=\"text-align: justify;\"><img loading=\"lazy\" decoding=\"async\" class=\"alignleft\" src=\"http:\/\/www.bbyhaber.com\/bby\/wp-content\/uploads\/2015\/01\/moda-kutuphanesi.jpg\" alt=\"\" width=\"235\" height=\"154\" \/>D\u00fcnyan\u0131n ilk moda k\u00fct\u00fcphanesi olan LENA, Amsterdam Westerstraat&#8217;ta a\u00e7\u0131ld\u0131. Ak\u015fama bir d\u00fc\u011f\u00fcne davetlisiniz ama giyecek bir \u015fey bulam\u0131yorsunuz ya da \u00f6nemli bir i\u015f g\u00f6r\u00fc\u015fmesi i\u00e7in giydi\u011finiz elbiseye kahve d\u00f6k\u00fcld\u00fc. De\u011fi\u015ftirmek i\u00e7in zaman\u0131n\u0131z ve yenisini almak i\u00e7in paran\u0131z yok. E\u011fer Amsterdam&#8217;da ya\u015f\u0131yorsan\u0131z dert etmenize gerek yok. &#8220;<strong>Moda k\u00fct\u00fcphanesi<\/strong>&#8220;nde u\u011fray\u0131p, bu sorunu kolayca halledebilirsiniz.<!--more--> D\u00fcnyan\u0131n ilk moda k\u00fct\u00fcphanesi olan LENA, Amsterdam Westerstraat&#8217;ta a\u00e7\u0131ld\u0131. Moda k\u00fct\u00fcphanesi fikrinin anas\u0131 29 ya\u015f\u0131ndaki Suzanne Smulders. Angela, Diana ve Elisa Jansen karde\u015fler de i\u015f ortaklar\u0131. Ayda 20 euro abonelik kar\u015f\u0131l\u0131\u011f\u0131nda isteyen diledi\u011fi kadar giysiyi k\u00fct\u00fcphaneden \u00f6d\u00fcn\u00e7 alabilecek. Abonelik istemeyenler ise, ge\u00e7ici kartlarla k\u00fct\u00fcphane hizmetinden yararlanabilecek.<\/p>\n<p style=\"text-align: justify;\"><strong>\u0130STED\u0130\u011e\u0130N\u0130Z \u00dcLKEDE \u0130STED\u0130\u011e\u0130N\u0130Z G\u0130YS\u0130Y\u0130 BULUN<\/strong><\/p>\n<p style=\"text-align: justify;\">\u00dcyeler, be\u011fendikleri elbiseyi isterlerse sat\u0131n alabilecekler. \u0130steyen \u00fcye de kullanmad\u0131\u011f\u0131 giysilerini k\u00fct\u00fcphaneye vererek bunun kar\u015f\u0131l\u0131\u011f\u0131nda puan kazanacak. K\u00fct\u00fcphanenin kurucular\u0131ndan Suzanne Smulders, moda d\u00fcnyas\u0131n\u0131n yo\u011fun bir t\u00fcketime dayal\u0131 oldu\u011funu s\u00f6yl\u00fcyor. \u00d6zellikle kad\u0131nlar\u0131n, b\u00fcy\u00fck bir heyecanla sat\u0131n ald\u0131\u011f\u0131 giysilerden \u00e7abucak s\u0131k\u0131ld\u0131\u011f\u0131n\u0131 an\u0131msat\u0131yor.<\/p>\n<p style=\"text-align: justify;\">Smulders&#8217;e g\u00f6re bu yo\u011fun t\u00fcketim kaynaklar\u0131n h\u0131zla azalmas\u0131na, moda sekt\u00f6r\u00fcnde \u00e7ocuk i\u015f\u00e7ilerin artmas\u0131na ve giderek b\u00fcy\u00fcyen \u00e7\u00f6p da\u011flar\u0131na yol a\u00e7\u0131yor. Bu nedenle, moda alan\u0131nda uzun soluklu \u00e7\u00f6z\u00fcmler de m\u00fcmk\u00fcn. Smulders, k\u00fct\u00fcphanenin bu \u00e7\u00f6z\u00fcmlerden biri oldu\u011funu belirtiyor.<\/p>\n<p style=\"text-align: justify;\">Suzanne Smulders ve arkada\u015flar\u0131n\u0131n amac\u0131, moda k\u00fct\u00fcphanesini d\u00fcnya \u00e7ap\u0131nda yayg\u0131nla\u015ft\u0131rmak. Bu konuda \u00e7ok umutlular. Smulders, &#8220;D\u00fc\u015f\u00fcnsenize tatile sadece el bagaj\u0131yla gidiyorsunuz. Elinizde k\u00fct\u00fcphane kart\u0131yla istedi\u011finiz \u00fclkede istedi\u011finiz giysiyi bulma olana\u011f\u0131n\u0131z var. D\u00fcnyada o kadar g\u00fczel e\u015fyalar var ki birlikte payla\u015f\u0131lmas\u0131 laz\u0131m&#8221; diyor. Moda k\u00fct\u00fcphanesinde g\u00fcn\u00fcm\u00fcz modas\u0131n\u0131n yan\u0131s\u0131ra eski moda k\u0131yafetler de yer al\u0131yor.<\/p>\n<p style=\"text-align: justify;\">\u00a0habergetir.com<\/p>\n","protected":false},"excerpt":{"rendered":"<p>D\u00fcnyan\u0131n ilk moda k\u00fct\u00fcphanesi olan LENA, Amsterdam Westerstraat&#8217;ta a\u00e7\u0131ld\u0131. Ak\u015fama bir d\u00fc\u011f\u00fcne davetlisiniz ama giyecek bir \u015fey bulam\u0131yorsunuz ya da \u00f6nemli bir i\u015f g\u00f6r\u00fc\u015fmesi i\u00e7in giydi\u011finiz elbiseye kahve d\u00f6k\u00fcld\u00fc. De\u011fi\u015ftirmek i\u00e7in zaman\u0131n\u0131z ve yenisini almak i\u00e7in paran\u0131z yok. E\u011fer Amsterdam&#8217;da ya\u015f\u0131yorsan\u0131z dert etmenize gerek yok. &#8220;Moda k\u00fct\u00fcphanesi&#8220;nde u\u011fray\u0131p, bu sorunu kolayca halledebilirsiniz.<\/p>\n","protected":false},"author":129,"featured_media":0,"comment_status":"open","ping_status":"open","sticky":false,"template":"","format":"standard","meta":{"footnotes":""},"categories":[1],"tags":[856,1410],"class_list":["post-15564","post","type-post","status-publish","format-standard","hentry","category-genel","tag-moda-kutuphaneleri","tag-uluslararasi-kutuphane-haberleri"],"_links":{"self":[{"href":"https:\/\/www.bbyhaber.com\/bby\/wp-json\/wp\/v2\/posts\/15564"}],"collection":[{"href":"https:\/\/www.bbyhaber.com\/bby\/wp-json\/wp\/v2\/posts"}],"about":[{"href":"https:\/\/www.bbyhaber.com\/bby\/wp-json\/wp\/v2\/types\/post"}],"author":[{"embeddable":true,"href":"https:\/\/www.bbyhaber.com\/bby\/wp-json\/wp\/v2\/users\/129"}],"replies":[{"embeddable":true,"href":"https:\/\/www.bbyhaber.com\/bby\/wp-json\/wp\/v2\/comments?post=15564"}],"version-history":[{"count":0,"href":"https:\/\/www.bbyhaber.com\/bby\/wp-json\/wp\/v2\/posts\/15564\/revisions"}],"wp:attachment":[{"href":"https:\/\/www.bbyhaber.com\/bby\/wp-json\/wp\/v2\/media?parent=15564"}],"wp:term":[{"taxonomy":"category","embeddable":true,"href":"https:\/\/www.bbyhaber.com\/bby\/wp-json\/wp\/v2\/categories?post=15564"},{"taxonomy":"post_tag","embeddable":true,"href":"https:\/\/www.bbyhaber.com\/bby\/wp-json\/wp\/v2\/tags?post=15564"}],"curies":[{"name":"wp","href":"https:\/\/api.w.org\/{rel}","templated":true}]}}