{"id":15558,"date":"2014-12-05T13:32:40","date_gmt":"2014-12-05T11:32:40","guid":{"rendered":"http:\/\/www.bbyhaber.com\/bby\/?p=15558"},"modified":"2015-01-07T16:44:59","modified_gmt":"2015-01-07T14:44:59","slug":"ali-ismail-korkmaz-halk-kutuphanesi-alikev_org","status":"publish","type":"post","link":"https:\/\/www.bbyhaber.com\/bby\/2014\/12\/05\/ali-ismail-korkmaz-halk-kutuphanesi-alikev_org","title":{"rendered":"Ali \u0130smail Korkmaz Halk K\u00fct\u00fcphanesi @Alikev_org"},"content":{"rendered":"<p style=\"text-align: justify;\"><img loading=\"lazy\" decoding=\"async\" class=\"alignleft\" src=\"http:\/\/www.bbyhaber.com\/bby\/wp-content\/uploads\/2015\/01\/aliismailkorkmaz-halk-kutuphanesi.jpg\" alt=\"\" width=\"245\" height=\"169\" \/>Ali \u0130smail Korkmaz daha k\u00fc\u00e7\u00fck ya\u015fta ba\u015flatt\u0131\u011f\u0131\u00a0\u201c<strong>Toplum \u0130\u00e7in Gen\u00e7lik<\/strong>\u201d\u00a0hareketi kapsam\u0131nda k\u00f6y okullar\u0131ndaki \u00e7ocuklar i\u00e7in kitap toplama kampanyalar\u0131 ba\u015flatm\u0131\u015ft\u0131. Biz de Ali \u0130smail gibi, Ali \u0130smail ad\u0131na kitap toplayarak vak\u0131f b\u00fcnyesinde bir halk k\u00fct\u00fcphanesi kurduk; Vak\u0131f binam\u0131z\u0131n 2 odas\u0131n\u0131 k\u00fct\u00fcphane i\u00e7in ay\u0131rd\u0131k ve yakla\u015f\u0131k 8.000 kitap kapasiteli bir alana sahibiz. K\u00fct\u00fcphane raflar\u0131m\u0131z\u0131n yar\u0131s\u0131n\u0131, k\u00fct\u00fcphanemize \u00f6nceden g\u00f6nderilen kitaplardan se\u00e7ti\u011fimiz yakla\u015f\u0131k 4.000 kitapla doldurduk. Kalan yar\u0131s\u0131n\u0131 zamanla,yap\u0131lacak kitap ba\u011f\u0131\u015flar\u0131yla tamamlayaca\u011f\u0131z.<!--more--><\/p>\n<p style=\"text-align: justify;\">K\u00fct\u00fcphane kapsam\u0131nda nitelikli, kapsaml\u0131, i\u015flevsel ve m\u00fcmk\u00fcn oldu\u011funca farkl\u0131 kitap t\u00fcrlerini AL\u0130KEV koleksiyonuna katmay\u0131 planl\u0131yoruz. Bu nitelikte, elindeki kitaplar\u0131 (Sat\u0131n almaks\u0131z\u0131n) ba\u011f\u0131\u015flamak isteyenler, a\u015fa\u011f\u0131da belirtti\u011fimiz vakf\u0131m\u0131z adresine g\u00f6nderebilirler. En k\u0131sa zamanda k\u00fct\u00fcphanemizde mevcut kitaplar\u0131n listesini haz\u0131rlay\u0131p,mevcut kitaplar listesini ve k\u00fct\u00fcphanede bulunmas\u0131n\u0131 istedi\u011fimiz eserler listesini internet sitemizde payla\u015faca\u011f\u0131z. B\u00f6ylece, Kitap ba\u011f\u0131\u015f\u00e7\u0131lar\u0131m\u0131z, mevcut kitaplardan farkl\u0131 kitaplar g\u00f6ndererek koleksiyonumuzu g\u00fc\u00e7lendirmemize yard\u0131mc\u0131 olabilecekler.<\/p>\n<p style=\"text-align: justify;\">Alan\u0131m\u0131z dar ve \u00f6nceli\u011fimiz i\u015flevsel bir k\u00fct\u00fcphane kurmak oldu\u011fu i\u00e7in, <span style=\"text-decoration: underline;\"><span style=\"color: #ff0000; text-decoration: underline;\">k\u00fct\u00fcphanemizde ansiklopedi ve ders kitaplar\u0131 <strong>olmayacakt\u0131r<\/strong><\/span><\/span>, kitap g\u00f6nderiminde bu hususun dikkate al\u0131nmas\u0131n\u0131 rica ederiz<\/p>\n<p style=\"text-align: justify;\"><strong>Not:<\/strong>\u00a0\u015eu ana kadar gelen kitaplar aras\u0131nda bir \u00e7ok yeni kitap oldu\u011funu, vakfa destek i\u00e7in sat\u0131n al\u0131narak g\u00f6nderildi\u011fini farkettik. Sat\u0131n al\u0131nan kitaplar\u0131n \u00e7o\u011fu ba\u015fkalar\u0131 taraf\u0131ndan g\u00f6nderilen kitaplarla ayn\u0131 oluyor. Vakf\u0131m\u0131za destek i\u00e7in kitap sat\u0131n almak yerine, vakf\u0131m\u0131z\u0131n\u00a0<a title=\"Hesap Bilgileri\" href=\"http:\/\/alikev.org\/hesap-bilgileri\/\" target=\"_blank\"><strong>banka hesaplar\u0131na<\/strong><\/a>\u00a0ba\u011f\u0131\u015fta bulunabilirsiniz.<\/p>\n<p style=\"text-align: justify;\"><strong>G\u00f6nderileriniz i\u00e7in adres:<\/strong>\u00a0Ulucami Mah. Bedesten Sok No:8 K\u00f6pr\u00fcba\u015f\u0131 \u2013 Antakya\/HATAY<\/p>\n<p style=\"text-align: justify;\"><a href=\"https:\/\/pbs.twimg.com\/media\/B32E5yRCYAI82VC.jpg\"><img loading=\"lazy\" decoding=\"async\" class=\"alignnone\" src=\"https:\/\/pbs.twimg.com\/media\/B32E5yRCYAI82VC.jpg\" alt=\"\" width=\"170\" height=\"127\" \/><\/a> <a href=\"https:\/\/pbs.twimg.com\/media\/B32E5yhCAAAxqVn.jpg\"><img loading=\"lazy\" decoding=\"async\" class=\"alignnone\" src=\"https:\/\/pbs.twimg.com\/media\/B32E5yhCAAAxqVn.jpg\" alt=\"\" width=\"173\" height=\"129\" \/><\/a> <a href=\"https:\/\/pbs.twimg.com\/media\/B32E5zWCYAA7qpQ.jpg\"><img loading=\"lazy\" decoding=\"async\" class=\"alignnone\" src=\"https:\/\/pbs.twimg.com\/media\/B32E5zWCYAA7qpQ.jpg\" alt=\"\" width=\"172\" height=\"129\" \/><\/a><\/p>\n","protected":false},"excerpt":{"rendered":"<p>Ali \u0130smail Korkmaz daha k\u00fc\u00e7\u00fck ya\u015fta ba\u015flatt\u0131\u011f\u0131\u00a0\u201cToplum \u0130\u00e7in Gen\u00e7lik\u201d\u00a0hareketi kapsam\u0131nda k\u00f6y okullar\u0131ndaki \u00e7ocuklar i\u00e7in kitap toplama kampanyalar\u0131 ba\u015flatm\u0131\u015ft\u0131. Biz de Ali \u0130smail gibi, Ali \u0130smail ad\u0131na kitap toplayarak vak\u0131f b\u00fcnyesinde bir halk k\u00fct\u00fcphanesi kurduk; Vak\u0131f binam\u0131z\u0131n 2 odas\u0131n\u0131 k\u00fct\u00fcphane i\u00e7in ay\u0131rd\u0131k ve yakla\u015f\u0131k 8.000 kitap kapasiteli bir alana sahibiz. K\u00fct\u00fcphane raflar\u0131m\u0131z\u0131n yar\u0131s\u0131n\u0131, k\u00fct\u00fcphanemize \u00f6nceden g\u00f6nderilen [&hellip;]<\/p>\n","protected":false},"author":1,"featured_media":0,"comment_status":"open","ping_status":"open","sticky":false,"template":"","format":"standard","meta":{"footnotes":""},"categories":[1],"tags":[633],"class_list":["post-15558","post","type-post","status-publish","format-standard","hentry","category-genel","tag-ali-ismail-korkmaz"],"_links":{"self":[{"href":"https:\/\/www.bbyhaber.com\/bby\/wp-json\/wp\/v2\/posts\/15558"}],"collection":[{"href":"https:\/\/www.bbyhaber.com\/bby\/wp-json\/wp\/v2\/posts"}],"about":[{"href":"https:\/\/www.bbyhaber.com\/bby\/wp-json\/wp\/v2\/types\/post"}],"author":[{"embeddable":true,"href":"https:\/\/www.bbyhaber.com\/bby\/wp-json\/wp\/v2\/users\/1"}],"replies":[{"embeddable":true,"href":"https:\/\/www.bbyhaber.com\/bby\/wp-json\/wp\/v2\/comments?post=15558"}],"version-history":[{"count":0,"href":"https:\/\/www.bbyhaber.com\/bby\/wp-json\/wp\/v2\/posts\/15558\/revisions"}],"wp:attachment":[{"href":"https:\/\/www.bbyhaber.com\/bby\/wp-json\/wp\/v2\/media?parent=15558"}],"wp:term":[{"taxonomy":"category","embeddable":true,"href":"https:\/\/www.bbyhaber.com\/bby\/wp-json\/wp\/v2\/categories?post=15558"},{"taxonomy":"post_tag","embeddable":true,"href":"https:\/\/www.bbyhaber.com\/bby\/wp-json\/wp\/v2\/tags?post=15558"}],"curies":[{"name":"wp","href":"https:\/\/api.w.org\/{rel}","templated":true}]}}