{"id":15544,"date":"2014-12-03T10:54:21","date_gmt":"2014-12-03T08:54:21","guid":{"rendered":"http:\/\/www.bbyhaber.com\/bby\/?p=15544"},"modified":"2014-12-03T11:01:45","modified_gmt":"2014-12-03T09:01:45","slug":"turkiyedeki-ilhalk-kutuphane-mudurleri-toplandi-tkd-baskani-davet-edilmedi","status":"publish","type":"post","link":"https:\/\/www.bbyhaber.com\/bby\/2014\/12\/03\/turkiyedeki-ilhalk-kutuphane-mudurleri-toplandi-tkd-baskani-davet-edilmedi","title":{"rendered":"T\u00fcrkiye&#8217;deki \u0130l Halk K\u00fct\u00fcphane m\u00fcd\u00fcrleri topland\u0131, TKD Ba\u015fkan\u0131 davet edilmedi!!!"},"content":{"rendered":"<p style=\"text-align: justify;\"><img loading=\"lazy\" decoding=\"async\" class=\"alignleft\" src=\"http:\/\/www.bbyhaber.com\/bby\/wp-content\/uploads\/2014\/09\/alifuatkartal.jpg\" alt=\"\" width=\"251\" height=\"186\" \/>Milli K\u00fct\u00fcphane\u2018de ger\u00e7ekle\u015ftirilen \u0130l Halk K\u00fct\u00fcphane M\u00fcd\u00fcrleri E\u011fitim ve Koordinasyon Toplant\u0131s\u0131&#8217;na davetli olmayan TKD Ba\u015fkan\u0131 Ali Fuat KARTAL a\u00e7\u0131klama yapt\u0131:<!--more--><\/p>\n<p style=\"text-align: justify;\">Hani Naz\u0131m\u2019\u0131n \u201cMOR MENEK\u015eE, A\u00c7 DOSTLAR VE ALTIN G\u00d6ZL\u00dc \u00c7OCUK\u201d \u015fiirinde s\u00f6yledi\u011fi gibi;<br \/>\nAbe \u015fair,<br \/>\nbizim de bir \u00e7ift s\u00f6z\u00fcm\u00fcz var<br \/>\n\u00aba\u015fka dair.\u00bb<br \/>\nO meretten biz de \u00e7akar\u0131z<br \/>\nbiraz\u2026<\/p>\n<p style=\"text-align: justify;\">Kat\u0131lsayd\u0131k \u201co meretten (k\u00fct\u00fcphanelerden) biz de \u00e7akar\u0131z (anlar\u0131z) biraz\u201d der ve de s\u00f6z hakk\u0131 verselerdi, iki g\u00fcnd\u00fcr liste \u00fczerinden tart\u0131\u015ft\u0131\u011f\u0131m\u0131z konular\u0131n yan\u0131 s\u0131ra k\u00fct\u00fcphaneci dostlar\u0131m\u0131za Ankara\u2019ya ho\u015f geldiniz derdik.<\/p>\n<p style=\"text-align: justify;\">Say\u0131n Bakan Milli K\u00fct\u00fcphane\u2019ndeki a\u00e7\u0131l\u0131\u015fta;<\/p>\n<p style=\"text-align: justify;\">\u201c\u00c7elik, medeniyetlerin geli\u015fmi\u015flik seviyesi ile k\u00fct\u00fcphanelerin paralel oldu\u011funu belirterek, &#8220;Savunma sanayinizi yok ederlerse yeniden kurars\u0131n\u0131z. Ekonominizi yok ederlerse yeniden kurars\u0131n\u0131z, ordular\u0131 la\u011fvederlerse yeniden kurars\u0131n\u0131z, tarih boyunca olmu\u015ftur. Ama k\u00fct\u00fcphanenize, milli k\u00fct\u00fcphanenize, haf\u0131zan\u0131za zarar gelirse yeniden kuramazs\u0131n\u0131z&#8221; diye konu\u015ftu.\u201d<\/p>\n<p style=\"text-align: justify;\">Ne g\u00fczel s\u00f6ylemi\u015f a\u011fz\u0131na sa\u011fl\u0131k. Umar\u0131m<span style=\"text-decoration: underline;\"><strong> say\u0131n bakan <span style=\"color: #ff0000; text-decoration: underline;\">k\u00fct\u00fcphanecisi olmayan k\u00fct\u00fcphaneler<\/span>in sonunun ne olaca\u011f\u0131n\u0131 da biliyordur.<\/strong><\/span><br \/>\nSayg\u0131lar\u0131mla.<\/p>\n<p style=\"text-align: justify;\">Ali Fuat Kartal<\/p>\n<p style=\"text-align: justify;\">TKD Genel Ba\u015fkan\u0131<\/p>\n","protected":false},"excerpt":{"rendered":"<p>Milli K\u00fct\u00fcphane\u2018de ger\u00e7ekle\u015ftirilen \u0130l Halk K\u00fct\u00fcphane M\u00fcd\u00fcrleri E\u011fitim ve Koordinasyon Toplant\u0131s\u0131&#8217;na davetli olmayan TKD Ba\u015fkan\u0131 Ali Fuat KARTAL a\u00e7\u0131klama yapt\u0131:<\/p>\n","protected":false},"author":1,"featured_media":0,"comment_status":"open","ping_status":"open","sticky":false,"template":"","format":"standard","meta":{"footnotes":""},"categories":[1474,1],"tags":[],"class_list":["post-15544","post","type-post","status-publish","format-standard","hentry","category-ali-fuat-kartal","category-genel"],"_links":{"self":[{"href":"https:\/\/www.bbyhaber.com\/bby\/wp-json\/wp\/v2\/posts\/15544"}],"collection":[{"href":"https:\/\/www.bbyhaber.com\/bby\/wp-json\/wp\/v2\/posts"}],"about":[{"href":"https:\/\/www.bbyhaber.com\/bby\/wp-json\/wp\/v2\/types\/post"}],"author":[{"embeddable":true,"href":"https:\/\/www.bbyhaber.com\/bby\/wp-json\/wp\/v2\/users\/1"}],"replies":[{"embeddable":true,"href":"https:\/\/www.bbyhaber.com\/bby\/wp-json\/wp\/v2\/comments?post=15544"}],"version-history":[{"count":0,"href":"https:\/\/www.bbyhaber.com\/bby\/wp-json\/wp\/v2\/posts\/15544\/revisions"}],"wp:attachment":[{"href":"https:\/\/www.bbyhaber.com\/bby\/wp-json\/wp\/v2\/media?parent=15544"}],"wp:term":[{"taxonomy":"category","embeddable":true,"href":"https:\/\/www.bbyhaber.com\/bby\/wp-json\/wp\/v2\/categories?post=15544"},{"taxonomy":"post_tag","embeddable":true,"href":"https:\/\/www.bbyhaber.com\/bby\/wp-json\/wp\/v2\/tags?post=15544"}],"curies":[{"name":"wp","href":"https:\/\/api.w.org\/{rel}","templated":true}]}}