{"id":15535,"date":"2014-12-02T13:50:10","date_gmt":"2014-12-02T11:50:10","guid":{"rendered":"http:\/\/www.bbyhaber.com\/bby\/?p=15535"},"modified":"2014-12-17T13:05:33","modified_gmt":"2014-12-17T11:05:33","slug":"ifla-egilim-raporu-calistayi-13-aralik-2014istanbul","status":"publish","type":"post","link":"https:\/\/www.bbyhaber.com\/bby\/2014\/12\/02\/ifla-egilim-raporu-calistayi-13-aralik-2014istanbul","title":{"rendered":"IFLA E\u011filim Raporu \u00c7al\u0131\u015ftay\u0131-13 Aral\u0131k 2014,\u0130stanbul"},"content":{"rendered":"<p style=\"text-align: justify;\"><strong>3-5 Haziran 2015<\/strong> tarihleri aras\u0131nda ANKOS taraf\u0131ndan TKD i\u015fbirli\u011fi ile \u0130stanbul Bilgi \u00dcniversitesi ev sahipli\u011finde <strong>IFLA 2015 Ba\u015fkanl\u0131k Toplant\u0131s\u0131<\/strong> ger\u00e7ekle\u015ftirilecektir. Bu toplant\u0131n\u0131n \u00f6ncesinde <strong><span style=\"color: #ff0000;\">13 Aral\u0131k 2014<\/span><\/strong> tarihinde <span style=\"color: #ff0000;\"><strong>\u0130stanbul Bilgi \u00dcniversite<\/strong><\/span><span style=\"color: #ff0000;\"><strong>si<\/strong><\/span> ev sahipli\u011finde <strong><span style=\"color: #ff0000;\">santralistanbul Kamp\u00fcs\u00fc<\/span><\/strong>\u2019nde \u201c<strong><span style=\"color: #0000ff;\">IFLA E\u011filim Raporu<\/span><\/strong>\u201d ba\u015fl\u0131kl\u0131 bir \u00e7al\u0131\u015ftay ger\u00e7ekle\u015ftirilecektir. <!--more--><\/p>\n<p>\u0130lgili \u00e7al\u0131\u015ftay herkesin kat\u0131l\u0131m\u0131na a\u00e7\u0131k olup kat\u0131l\u0131m i\u00e7in <a href=\"http:\/\/library.bilgi.edu.tr\/calistay\/kayit.html\" target=\"_blank\"><strong><span style=\"color: #800080;\">buradan kay\u0131t formu<\/span><\/strong><\/a>nun doldurulmas\u0131 gerekmektedir. \u00c7al\u0131\u015ftaya <strong>kat\u0131l\u0131m i\u00e7in son kay\u0131t tarihi 11 Aral\u0131k 2014 Per\u015fembe<\/strong> g\u00fcn\u00fcd\u00fcr.<\/p>\n<p style=\"text-align: justify;\"><span style=\"text-decoration: underline;\"><strong>Hakk\u0131nda:<\/strong><\/span><\/p>\n<p style=\"text-align: justify;\">Tan\u0131t\u0131m\u0131 A\u011fustos 2013\u2019de Singapur\u2019da yap\u0131lm\u0131\u015f olan IFLA E\u011filim Raporu \u00f6nemli bir belgedir ve g\u00fcn\u00fcm\u00fczde sadece k\u00fct\u00fcphaneleri de\u011fil, onlar\u0131n temasta olduklar\u0131 IT sekt\u00f6r\u00fcn\u00fc, teknoloji uzmanlar\u0131n\u0131, e\u011fitimcileri, karar vericileri, hukuk\u00e7ular\u0131, yay\u0131nc\u0131lar\u0131, i\u00e7erik sa\u011flay\u0131c\u0131lar\u0131 ve say\u0131sal haklar\u0131 savunanlar\u0131 da ilgilendirmektedir.<\/p>\n<p>Pek \u00e7ok dile \u00e7evrilmi\u015f olan \u201cRiding the Waves or Caught in the Tide? Insights from the IFLA Trend Report\u201d, Singapur\u2019da tan\u0131t\u0131lana kadar 12 ay boyunca \u00e7e\u015fitli \u00fclkelerden uzmanlar taraf\u0131ndan tart\u0131\u015f\u0131lm\u0131\u015ft\u0131r. Sonu\u00e7ta olduk\u00e7a b\u00fcy\u00fck \u00f6l\u00e7ekteki bilgiyi sentezleyen bir rapor ortaya \u00e7\u0131km\u0131\u015ft\u0131r. Rapor\u2019da, k\u00fcresel bilgi ortam\u0131nda; bilgiye, e\u011fitime, mahremiyete, sivil kat\u0131l\u0131ma ve teknolojik de\u011fi\u015fime dair be\u015f e\u011filim belirlenmi\u015ftir.\u00a0 \u00dclkemizde Rapor\u2019la ilgili ilk bilgilendirme, IFLA Ba\u015fkan\u0131 Sinikka Spil\u00e4 taraf\u0131ndan 3 Haziran 2014 tarihinde Kadir Has \u00dcniversitesi\u2019nde ANKOS ve TKD i\u015fbirli\u011fi ile d\u00fczenlenen \u201cK\u00fct\u00fcphanecilikte STK \u0130\u015fbirli\u011fi: G\u00fc\u00e7l\u00fc Dernekler, G\u00fc\u00e7l\u00fc Toplumlar\u201d ba\u015fl\u0131kl\u0131 toplant\u0131da yap\u0131lm\u0131\u015ft\u0131r.<\/p>\n<p>IFLA E\u011filim Raporu T\u00fcrk\u00e7eye \u00e7evrilmi\u015f olup, \u0130stanbul Bilgi \u00dcniversitesi\u2019nde 13 Aral\u0131k Cumartesi g\u00fcn\u00fc yap\u0131lacak bir \u00e7al\u0131\u015ftay ile meslekta\u015flar\u0131m\u0131z ve ilgili kurumlarla payla\u015f\u0131lacak ve tart\u0131\u015f\u0131lacakt\u0131r. Rapor\u2019un \u0130ngilizcesi <a href=\"http:\/\/trends.ifla.org\/insights-document\" target=\"_blank\">http:\/\/trends.ifla.org\/insights-document<\/a> adresinden, T\u00fcrk\u00e7esine ise ilerleyen g\u00fcnlerde web sitesinden ula\u015f\u0131labilecektir.<\/p>\n<p>\u00c7al\u0131\u015ftay\u2019da\u00a0 al\u0131nacak sonu\u00e7lar,\u00a0 3-5 Haziran 2015 tarihleri aras\u0131nda ANKOS taraf\u0131ndan TKD i\u015fbirli\u011fi ile \u0130stanbul Bilgi \u00dcniversitesi ev sahipli\u011finde ger\u00e7ekle\u015ftirilecek olan IFLA 2015 Ba\u015fkanl\u0131k Toplant\u0131s\u0131 program\u0131n\u0131 da \u015fekillendirece\u011finden siz de\u011ferli meslekta\u015flar\u0131m\u0131z\u0131n ve yukar\u0131da da belirtildi\u011fi gibi, farkl\u0131 alanlardan ilgililerin kat\u0131l\u0131m\u0131 son derece \u00f6nem ta\u015f\u0131maktad\u0131r.<\/p>\n","protected":false},"excerpt":{"rendered":"<p>3-5 Haziran 2015 tarihleri aras\u0131nda ANKOS taraf\u0131ndan TKD i\u015fbirli\u011fi ile \u0130stanbul Bilgi \u00dcniversitesi ev sahipli\u011finde IFLA 2015 Ba\u015fkanl\u0131k Toplant\u0131s\u0131 ger\u00e7ekle\u015ftirilecektir. Bu toplant\u0131n\u0131n \u00f6ncesinde 13 Aral\u0131k 2014 tarihinde \u0130stanbul Bilgi \u00dcniversitesi ev sahipli\u011finde santralistanbul Kamp\u00fcs\u00fc\u2019nde \u201cIFLA E\u011filim Raporu\u201d ba\u015fl\u0131kl\u0131 bir \u00e7al\u0131\u015ftay ger\u00e7ekle\u015ftirilecektir.<\/p>\n","protected":false},"author":1,"featured_media":0,"comment_status":"open","ping_status":"open","sticky":false,"template":"","format":"standard","meta":{"footnotes":""},"categories":[1578],"tags":[1395],"class_list":["post-15535","post","type-post","status-publish","format-standard","hentry","category-ifla","tag-bby-mesleki-etkinlikler-arsivi"],"_links":{"self":[{"href":"https:\/\/www.bbyhaber.com\/bby\/wp-json\/wp\/v2\/posts\/15535"}],"collection":[{"href":"https:\/\/www.bbyhaber.com\/bby\/wp-json\/wp\/v2\/posts"}],"about":[{"href":"https:\/\/www.bbyhaber.com\/bby\/wp-json\/wp\/v2\/types\/post"}],"author":[{"embeddable":true,"href":"https:\/\/www.bbyhaber.com\/bby\/wp-json\/wp\/v2\/users\/1"}],"replies":[{"embeddable":true,"href":"https:\/\/www.bbyhaber.com\/bby\/wp-json\/wp\/v2\/comments?post=15535"}],"version-history":[{"count":0,"href":"https:\/\/www.bbyhaber.com\/bby\/wp-json\/wp\/v2\/posts\/15535\/revisions"}],"wp:attachment":[{"href":"https:\/\/www.bbyhaber.com\/bby\/wp-json\/wp\/v2\/media?parent=15535"}],"wp:term":[{"taxonomy":"category","embeddable":true,"href":"https:\/\/www.bbyhaber.com\/bby\/wp-json\/wp\/v2\/categories?post=15535"},{"taxonomy":"post_tag","embeddable":true,"href":"https:\/\/www.bbyhaber.com\/bby\/wp-json\/wp\/v2\/tags?post=15535"}],"curies":[{"name":"wp","href":"https:\/\/api.w.org\/{rel}","templated":true}]}}