{"id":15529,"date":"2014-12-02T11:44:27","date_gmt":"2014-12-02T09:44:27","guid":{"rendered":"http:\/\/www.bbyhaber.com\/bby\/?p=15529"},"modified":"2015-04-13T12:53:22","modified_gmt":"2015-04-13T09:53:22","slug":"ankoslink-2015-konferansi-09-11-nisan-2015antalya","status":"publish","type":"post","link":"https:\/\/www.bbyhaber.com\/bby\/2014\/12\/02\/ankoslink-2015-konferansi-09-11-nisan-2015antalya","title":{"rendered":"ANKOSLink 2015 Konferans\u0131-9-11 Nisan 2015,Antalya"},"content":{"rendered":"<p style=\"text-align: justify;\"><img loading=\"lazy\" decoding=\"async\" class=\"alignleft\" src=\"http:\/\/www.bbyhaber.com\/bby\/wp-content\/uploads\/2014\/12\/ankoslink-logo.jpg\" alt=\"\" width=\"171\" height=\"115\" \/>Kuruldu\u011fu g\u00fcnden bu yana aral\u0131ks\u0131z <strong>15\u2019incisi ve ANKOSLink ad\u0131yla \u00fc\u00e7\u00fcnc\u00fcs\u00fc<\/strong> d\u00fczenlenecek <strong><span style=\"color: #ff0000;\">ANKOSLink2015 Konferans\u0131 9-11 Nisan 2015<\/span><\/strong> tarihleri aras\u0131nda <span style=\"color: #ff0000;\"><strong>Antalya Kervansaray Kongre Merkezi\u2019nde<\/strong><\/span> ger\u00e7ekle\u015ftirilecektir.\u00a0 Konferans\u0131n ana temas\u0131\u00a0 \u201c<strong><span style=\"color: #0000ff;\">Mobil Gelecek: K\u00fct\u00fcphaneler ve Kaynaklar<\/span><\/strong>\u201d\u00a0 olarak belirlenmi\u015f olup kat\u0131l\u0131mc\u0131lar elektronik kaynaklar\u0131n y\u00f6netiminden, veri madencili\u011fine, mobil ara y\u00fczlerden, mobil k\u00fct\u00fcphane hizmetlerine ve gelece\u011fin akademik k\u00fct\u00fcphaneleri gibi bir\u00e7ok konuyu i\u00e7eren zengin bir konferans program\u0131 ile bulu\u015facaklard\u0131r.<!--more--><\/p>\n<p>ANKOSLink2015 konferans\u0131 i\u00e7in kay\u0131t s\u00fcreci ba\u015flam\u0131\u015ft\u0131r.\u00a0 Sorular\u0131n\u0131z i\u00e7in <strong>kayit2015@ankos.org.tr<\/strong> adresine mail g\u00f6nderebilirsiniz.<\/p>\n<p>Not: ANKOSLink2015 Konferans\u0131 davet yaz\u0131s\u0131 Y\u00fcksek\u00f6\u011fretim Kurulu Ba\u015fkanl\u0131\u011f\u0131 (Y\u00d6K) taraf\u0131ndan da \u00fcniversitelerimize ilerleyen g\u00fcnlerde g\u00f6nderilecektir.<\/p>\n<p style=\"text-align: justify;\"><a href=\"http:\/\/ankoslink.org.tr\/index.php?pageid=24\" target=\"_blank\"><span style=\"color: #0000ff;\">KAYIT<\/span><\/a><\/p>\n<p style=\"text-align: justify;\"><a href=\"http:\/\/ankoslink.org.tr\/index.php?pageid=57\" target=\"_blank\"><span style=\"color: #0000ff;\">PROGRAM<\/span><\/a><\/p>\n<p style=\"text-align: justify;\">\n","protected":false},"excerpt":{"rendered":"<p>Kuruldu\u011fu g\u00fcnden bu yana aral\u0131ks\u0131z 15\u2019incisi ve ANKOSLink ad\u0131yla \u00fc\u00e7\u00fcnc\u00fcs\u00fc d\u00fczenlenecek ANKOSLink2015 Konferans\u0131 9-11 Nisan 2015 tarihleri aras\u0131nda Antalya Kervansaray Kongre Merkezi\u2019nde ger\u00e7ekle\u015ftirilecektir.\u00a0 Konferans\u0131n ana temas\u0131\u00a0 \u201cMobil Gelecek: K\u00fct\u00fcphaneler ve Kaynaklar\u201d\u00a0 olarak belirlenmi\u015f olup kat\u0131l\u0131mc\u0131lar elektronik kaynaklar\u0131n y\u00f6netiminden, veri madencili\u011fine, mobil ara y\u00fczlerden, mobil k\u00fct\u00fcphane hizmetlerine ve gelece\u011fin akademik k\u00fct\u00fcphaneleri gibi bir\u00e7ok konuyu i\u00e7eren zengin [&hellip;]<\/p>\n","protected":false},"author":1,"featured_media":0,"comment_status":"open","ping_status":"open","sticky":false,"template":"","format":"standard","meta":{"footnotes":""},"categories":[1537],"tags":[1015,1395],"class_list":["post-15529","post","type-post","status-publish","format-standard","hentry","category-ankoslink","tag-ankos","tag-bby-mesleki-etkinlikler-arsivi"],"_links":{"self":[{"href":"https:\/\/www.bbyhaber.com\/bby\/wp-json\/wp\/v2\/posts\/15529"}],"collection":[{"href":"https:\/\/www.bbyhaber.com\/bby\/wp-json\/wp\/v2\/posts"}],"about":[{"href":"https:\/\/www.bbyhaber.com\/bby\/wp-json\/wp\/v2\/types\/post"}],"author":[{"embeddable":true,"href":"https:\/\/www.bbyhaber.com\/bby\/wp-json\/wp\/v2\/users\/1"}],"replies":[{"embeddable":true,"href":"https:\/\/www.bbyhaber.com\/bby\/wp-json\/wp\/v2\/comments?post=15529"}],"version-history":[{"count":0,"href":"https:\/\/www.bbyhaber.com\/bby\/wp-json\/wp\/v2\/posts\/15529\/revisions"}],"wp:attachment":[{"href":"https:\/\/www.bbyhaber.com\/bby\/wp-json\/wp\/v2\/media?parent=15529"}],"wp:term":[{"taxonomy":"category","embeddable":true,"href":"https:\/\/www.bbyhaber.com\/bby\/wp-json\/wp\/v2\/categories?post=15529"},{"taxonomy":"post_tag","embeddable":true,"href":"https:\/\/www.bbyhaber.com\/bby\/wp-json\/wp\/v2\/tags?post=15529"}],"curies":[{"name":"wp","href":"https:\/\/api.w.org\/{rel}","templated":true}]}}