{"id":15522,"date":"2014-12-01T13:10:15","date_gmt":"2014-12-01T11:10:15","guid":{"rendered":"http:\/\/www.bbyhaber.com\/bby\/?p=15522"},"modified":"2018-06-06T10:06:09","modified_gmt":"2018-06-06T07:06:09","slug":"turkiyede-kutuphanelerin-gelecegi-prof-dr-bulent-yilmaz","status":"publish","type":"post","link":"https:\/\/www.bbyhaber.com\/bby\/2014\/12\/01\/turkiyede-kutuphanelerin-gelecegi-prof-dr-bulent-yilmaz","title":{"rendered":"T\u00fcrkiye&#8217;de K\u00fct\u00fcphanelerin Gelece\u011fi-Prof. Dr. B\u00fclent Y\u0131lmaz"},"content":{"rendered":"<p>[avatar user=&#8221;bulentyilmaz&#8221; \/]<a href=\"http:\/\/www.bbyhaber.com\/bby\/author\/bulentyilmaz\"><br \/>\nProf.Dr.B\u00fclent YILMAZ<\/a><br \/>\n<strong>Hacettepe \u00dcniversitesi BBY B\u00f6l\u00fcm\u00fc \u00d6\u011fretim \u00dcyesi<\/strong><\/p>\n<p style=\"text-align: justify;\"><img loading=\"lazy\" decoding=\"async\" class=\"alignleft\" src=\"http:\/\/www.bbyhaber.com\/bby\/wp-content\/uploads\/2015\/01\/bulent-yilmaz.jpg\" alt=\"\" width=\"202\" height=\"163\" \/>\u00c7al\u0131\u015fmakta oldu\u011fumuz ve <strong>&#8220;Halk k\u00fct\u00fcphanelerinin gelece\u011fi<\/strong>&#8221; \u00fczerine bir ara\u015ft\u0131rma \u00e7er\u00e7evesinde dikkatimi \u00e7eken bir yakla\u015f\u0131m\u0131 sizlerle payla\u015fmak isterim.<\/p>\n<p style=\"text-align: justify;\">Genelde iki g\u00f6r\u00fc\u015f oldu\u011fu bilinir: &#8220;<strong>Gelecekte k\u00fct\u00fcphaneler olmayacakt\u0131r<\/strong>.&#8221; (\u00d6zellikle bilgi eri\u015fimin bilgi ve ileti\u015fim teknolojileri nedeniyle daha kolay, h\u0131zl\u0131 ger\u00e7ekle\u015fmesi ve ki\u015fiselle\u015fmesinden dolay\u0131)\u00a0 Ya da tam tersine; &#8220;<strong>Gelecekte k\u00fct\u00fcphaneler toplumun hayat\u0131nda daha g\u00fc\u00e7l\u00fc bi\u00e7imde yer alacakt\u0131r<\/strong>.&#8221;<!--more--> (K\u00fct\u00fcphanelerin bilgiye eri\u015fimde e\u015fitlik olana\u011f\u0131 ve toplumsal ileti\u015fim sa\u011flayacaklar\u0131ndan dolay\u0131)\u00a0 Ancak dikkati \u00e7ekmek istedi\u011fim ve bana daha ger\u00e7ek\u00e7i g\u00f6r\u00fcnen &#8220;<strong>Gelece\u011fin kazanan k\u00fct\u00fcphaneleri olacak ancak ayn\u0131 zamanda kaybedenleri de.<\/strong>&#8221; Yani, <strong>de\u011fi\u015fime uyum sa\u011flayan k\u00fct\u00fcphaneler varl\u0131klar\u0131n\u0131 s\u00fcrd\u00fcrecek, uyum sa\u011flayamayanlar ise yok olacakt\u0131r<\/strong>. &#8220;Toptan varolacak ya da yok olacaklar&#8221; \u00f6ng\u00f6r\u00fcs\u00fcn\u00fcn d\u0131\u015f\u0131nda bir yakla\u015f\u0131m yani. Elbette sorun &#8220;<strong>de\u011fi\u015fime uyum sa\u011flaman\u0131n gerekleri<\/strong>&#8220;. Bunu \u00fczerinde tart\u0131\u015fmal\u0131y\u0131z.<\/p>\n<p style=\"text-align: justify;\">Asl\u0131nda konu, her ne kadar halk k\u00fct\u00fcphaneleri \u00fczerine de olsa t\u00fcm k\u00fct\u00fcphane t\u00fcrlerini ilgilendiren canl\u0131 bir konudur.\u00a0 Ayr\u0131ca g\u00fczel ve anlaml\u0131 bir panel ve hatta sempozyum konusu olabilir.\u00a0 &#8220;<strong>T\u00fcrkiye&#8217;de K\u00fct\u00fcphanelerin Gelece\u011fi<\/strong>&#8221; Bu \u00e7er\u00e7evede politikalar, stratejiler, yakla\u015f\u0131mlar, olas\u0131l\u0131klar, gelecekte k\u00fct\u00fcphaneleri belirleyen toplumsal, ekonomik, e\u011fitimsel ve k\u00fclt\u00fcrel ko\u015fullar gibi unsurlar ele al\u0131nabilir ve bir politika \u00f6nerisi geli\u015ftirilebilir. Bunun T\u00fcrkiye i\u00e7in gereklili\u011fi ortada. Bir\u00e7ok \u00fclke bu konuyu ciddi olarak ele almakta ve politikalar geli\u015ftirip uygulamaya \u00e7al\u0131\u015fmaktad\u0131rlar. K\u00fct\u00fcphanelerimizi g\u00fcnl\u00fck ve ki\u015fisel kararlarla, kendili\u011findenlik haline b\u0131rakmak \u00e7ok olumsuz sonu\u00e7lara yol a\u00e7acakt\u0131r. Konu pop\u00fcler g\u00f6r\u00fcnmekle birlikte ciddi bir konudur.<\/p>\n<p style=\"text-align: justify;\">Gelece\u011fe haz\u0131rlanmamak, onu kaybetmek anlam\u0131na gelecektir.<\/p>\n<p style=\"text-align: justify;\">Umar\u0131m sorumlulu\u011fu olanlar bunun fark\u0131ndad\u0131r.<\/p>\n<p style=\"text-align: justify;\"><strong>Halk ve okul k\u00fct\u00fcphanelerinde k\u00fct\u00fcphanecisi olmayan\/\u00e7ok az olan ve daha k\u00f6t\u00fcs\u00fc bunun fark\u0131nda olmayan bir \u00fclkede fantazi mi yap\u0131yoruz acaba<\/strong>?<\/p>\n","protected":false},"excerpt":{"rendered":"<p>[avatar user=&#8221;bulentyilmaz&#8221; \/] Prof.Dr.B\u00fclent YILMAZ Hacettepe \u00dcniversitesi BBY B\u00f6l\u00fcm\u00fc \u00d6\u011fretim \u00dcyesi \u00c7al\u0131\u015fmakta oldu\u011fumuz ve &#8220;Halk k\u00fct\u00fcphanelerinin gelece\u011fi&#8221; \u00fczerine bir ara\u015ft\u0131rma \u00e7er\u00e7evesinde dikkatimi \u00e7eken bir yakla\u015f\u0131m\u0131 sizlerle payla\u015fmak isterim. Genelde iki g\u00f6r\u00fc\u015f oldu\u011fu bilinir: &#8220;Gelecekte k\u00fct\u00fcphaneler olmayacakt\u0131r.&#8221; (\u00d6zellikle bilgi eri\u015fimin bilgi ve ileti\u015fim teknolojileri nedeniyle daha kolay, h\u0131zl\u0131 ger\u00e7ekle\u015fmesi ve ki\u015fiselle\u015fmesinden dolay\u0131)\u00a0 Ya da tam tersine; [&hellip;]<\/p>\n","protected":false},"author":146,"featured_media":0,"comment_status":"open","ping_status":"open","sticky":false,"template":"","format":"standard","meta":{"footnotes":""},"categories":[1,1502],"tags":[1460,632,1437],"class_list":["post-15522","post","type-post","status-publish","format-standard","hentry","category-genel","category-prof-dr-bulent-yilmaz","tag-kose-yazarlari","tag-kutuphanelerin-gelecegi","tag-univ-arastirma-kutuphaneleri"],"_links":{"self":[{"href":"https:\/\/www.bbyhaber.com\/bby\/wp-json\/wp\/v2\/posts\/15522"}],"collection":[{"href":"https:\/\/www.bbyhaber.com\/bby\/wp-json\/wp\/v2\/posts"}],"about":[{"href":"https:\/\/www.bbyhaber.com\/bby\/wp-json\/wp\/v2\/types\/post"}],"author":[{"embeddable":true,"href":"https:\/\/www.bbyhaber.com\/bby\/wp-json\/wp\/v2\/users\/146"}],"replies":[{"embeddable":true,"href":"https:\/\/www.bbyhaber.com\/bby\/wp-json\/wp\/v2\/comments?post=15522"}],"version-history":[{"count":3,"href":"https:\/\/www.bbyhaber.com\/bby\/wp-json\/wp\/v2\/posts\/15522\/revisions"}],"predecessor-version":[{"id":24466,"href":"https:\/\/www.bbyhaber.com\/bby\/wp-json\/wp\/v2\/posts\/15522\/revisions\/24466"}],"wp:attachment":[{"href":"https:\/\/www.bbyhaber.com\/bby\/wp-json\/wp\/v2\/media?parent=15522"}],"wp:term":[{"taxonomy":"category","embeddable":true,"href":"https:\/\/www.bbyhaber.com\/bby\/wp-json\/wp\/v2\/categories?post=15522"},{"taxonomy":"post_tag","embeddable":true,"href":"https:\/\/www.bbyhaber.com\/bby\/wp-json\/wp\/v2\/tags?post=15522"}],"curies":[{"name":"wp","href":"https:\/\/api.w.org\/{rel}","templated":true}]}}