{"id":15504,"date":"2014-11-26T13:17:18","date_gmt":"2014-11-26T11:17:18","guid":{"rendered":"http:\/\/www.bbyhaber.com\/bby\/?p=15504"},"modified":"2014-12-09T22:48:40","modified_gmt":"2014-12-09T20:48:40","slug":"ataturk-universitesi-arastirma-gorevlisi-ilani-son-basvuru-09-aralik-2014","status":"publish","type":"post","link":"https:\/\/www.bbyhaber.com\/bby\/2014\/11\/26\/ataturk-universitesi-arastirma-gorevlisi-ilani-son-basvuru-09-aralik-2014","title":{"rendered":"Atat\u00fcrk \u00dcniversitesi Ara\u015ft\u0131rma G\u00f6revlisi \u0130lan\u0131-Son Ba\u015fvuru-09 Aral\u0131k 2014"},"content":{"rendered":"<p style=\"text-align: justify;\"><a href=\"http:\/\/www.bbyhaber.com\/bby\/category\/bby-is-ilanlari\/\"><img loading=\"lazy\" decoding=\"async\" class=\"alignleft colorbox-9771\" src=\"http:\/\/www.bbyhaber.com\/bby\/wp-content\/uploads\/is-ilanlari-arsivi.jpg\" alt=\"\" width=\"250\" height=\"150\" \/><\/a>ATAT\u00dcRK \u00dcN\u0130VERS\u0130TES\u0130&#8212;&gt;SOSYAL B\u0130L\u0130MLER ENST\u0130T\u00dcS\u00dc&#8217;ne <strong>Bilgi ve Belge Y\u00f6netimi B\u00f6l\u00fcm\u00fc mezunu, Bilgi ve Belge Y\u00f6netimi B\u00f6l\u00fcm\u00fc&#8217;nde y\u00fckseklisans yap\u0131yor olmak<\/strong><span style=\"color: #ff0000;\"> \u00f6zel \u015fart\u0131 ile<\/span> <strong><span style=\"color: #ff0000;\">1 adet Ara\u015ft\u0131rma G\u00f6revlisi<\/span><\/strong> al\u0131nacakt\u0131r, detayl\u0131 bilgi a\u015fa\u011f\u0131dad\u0131r:<!--more--><\/p>\n<table style=\"color: #000000; font-family: Arial, Tahoma, Verdana; font-size: 15px; line-height: 18px;\" width=\"344\" border=\"1\" cellspacing=\"0\" cellpadding=\"0\">\n<colgroup>\n<col width=\"233\" \/>\n<col width=\"111\" \/> <\/colgroup>\n<tbody>\n<tr>\n<td width=\"233\" height=\"20\">Kadro Unvan<\/td>\n<td width=\"111\"><strong>Ara\u015ft\u0131rma G\u00f6revlisi<br \/>\n<\/strong><\/td>\n<\/tr>\n<tr>\n<td height=\"20\">ALES<\/td>\n<td><strong>70<\/strong><\/td>\n<\/tr>\n<tr>\n<td height=\"20\">\u00dcDS\/Dengi<\/td>\n<td>50<\/td>\n<\/tr>\n<tr>\n<td height=\"20\">Kadro Say\u0131s\u0131<\/td>\n<td><span style=\"color: #ff0000;\"><strong>1<\/strong><\/span><\/td>\n<\/tr>\n<tr>\n<td height=\"20\">Kadro Derecesi<\/td>\n<td>4<\/td>\n<\/tr>\n<tr>\n<td height=\"20\">Ba\u015fvuru Tipi<\/td>\n<td><strong>Posta, \u015eahsen<\/strong><\/td>\n<\/tr>\n<tr>\n<td height=\"20\">Ba\u015fvuru Yeri<\/td>\n<td><strong>Atat\u00fcrk \u00dcniversitesi Sosyal Bilimler Enstit\u00fcs\u00fc M\u00fcd\u00fcrl\u00fc\u011f\u00fcne ERZURUM<\/strong><\/td>\n<\/tr>\n<tr>\n<td height=\"20\"><strong style=\"color: #ff0000; font-family: Arial, Tahoma, Verdana; font-size: 15px; line-height: 18px;\">Son Ba\u015fvuru Tarihi<\/strong><\/td>\n<td><span style=\"font-family: Arial, Tahoma, Verdana;\"><span style=\"font-size: 15px;\"><strong>09.12.2014<\/strong><\/span><\/span><\/td>\n<\/tr>\n<tr>\n<td height=\"20\">\u00d6n De\u011ferlendirme Tarihi<\/td>\n<td>15.12.2014<\/td>\n<\/tr>\n<tr>\n<td height=\"20\">S\u0131nav Giri\u015f Tarihi<\/td>\n<td>19.12.2014<\/td>\n<\/tr>\n<tr>\n<td height=\"20\"><span style=\"color: #0000ff;\"><strong>Sonu\u00e7 A\u00e7\u0131klama Tarihi<\/strong><\/span><\/td>\n<td><strong>26.12.2014<\/strong><\/td>\n<\/tr>\n<\/tbody>\n<\/table>\n<p><a href=\"https:\/\/yoksis.yok.gov.tr\/ilansayfa\/?sessionid=26311\" target=\"_blank\"><span style=\"color: #0000ff;\"><strong><span style=\"color: #0000ff;\">Daha fazla bilgi ve belge i\u00e7in t\u0131klay\u0131n\u0131z<\/span><\/strong><\/span><\/a><\/p>\n","protected":false},"excerpt":{"rendered":"<p>ATAT\u00dcRK \u00dcN\u0130VERS\u0130TES\u0130&#8212;&gt;SOSYAL B\u0130L\u0130MLER ENST\u0130T\u00dcS\u00dc&#8217;ne Bilgi ve Belge Y\u00f6netimi B\u00f6l\u00fcm\u00fc mezunu, Bilgi ve Belge Y\u00f6netimi B\u00f6l\u00fcm\u00fc&#8217;nde y\u00fckseklisans yap\u0131yor olmak \u00f6zel \u015fart\u0131 ile 1 adet Ara\u015ft\u0131rma G\u00f6revlisi al\u0131nacakt\u0131r, detayl\u0131 bilgi a\u015fa\u011f\u0131dad\u0131r:<\/p>\n","protected":false},"author":1,"featured_media":0,"comment_status":"open","ping_status":"open","sticky":false,"template":"","format":"standard","meta":{"footnotes":""},"categories":[],"tags":[1393],"class_list":["post-15504","post","type-post","status-publish","format-standard","hentry","tag-bby-is-ilanlari-arsivi"],"_links":{"self":[{"href":"https:\/\/www.bbyhaber.com\/bby\/wp-json\/wp\/v2\/posts\/15504"}],"collection":[{"href":"https:\/\/www.bbyhaber.com\/bby\/wp-json\/wp\/v2\/posts"}],"about":[{"href":"https:\/\/www.bbyhaber.com\/bby\/wp-json\/wp\/v2\/types\/post"}],"author":[{"embeddable":true,"href":"https:\/\/www.bbyhaber.com\/bby\/wp-json\/wp\/v2\/users\/1"}],"replies":[{"embeddable":true,"href":"https:\/\/www.bbyhaber.com\/bby\/wp-json\/wp\/v2\/comments?post=15504"}],"version-history":[{"count":0,"href":"https:\/\/www.bbyhaber.com\/bby\/wp-json\/wp\/v2\/posts\/15504\/revisions"}],"wp:attachment":[{"href":"https:\/\/www.bbyhaber.com\/bby\/wp-json\/wp\/v2\/media?parent=15504"}],"wp:term":[{"taxonomy":"category","embeddable":true,"href":"https:\/\/www.bbyhaber.com\/bby\/wp-json\/wp\/v2\/categories?post=15504"},{"taxonomy":"post_tag","embeddable":true,"href":"https:\/\/www.bbyhaber.com\/bby\/wp-json\/wp\/v2\/tags?post=15504"}],"curies":[{"name":"wp","href":"https:\/\/api.w.org\/{rel}","templated":true}]}}