{"id":15484,"date":"2014-11-20T13:49:38","date_gmt":"2014-11-20T11:49:38","guid":{"rendered":"http:\/\/www.bbyhaber.com\/bby\/?p=15484"},"modified":"2014-11-20T13:58:11","modified_gmt":"2014-11-20T11:58:11","slug":"basbakanlik-devlet-arsivleri-genel-mudurlugu-calisanlari-lutuf-degil-hakkimizi-istiyoruz","status":"publish","type":"post","link":"https:\/\/www.bbyhaber.com\/bby\/2014\/11\/20\/basbakanlik-devlet-arsivleri-genel-mudurlugu-calisanlari-lutuf-degil-hakkimizi-istiyoruz","title":{"rendered":"Ba\u015fbakanl\u0131k Devlet Ar\u015fivleri Genel M\u00fcd\u00fcrl\u00fc\u011f\u00fc \u00e7al\u0131\u015fanlar\u0131 &#8220;L\u00fctuf de\u011fil hakk\u0131m\u0131z\u0131 istiyoruz!&#8221;"},"content":{"rendered":"<p style=\"text-align: justify;\"><img loading=\"lazy\" decoding=\"async\" class=\"alignleft\" src=\"http:\/\/www.bbyhaber.com\/bby\/wp-content\/uploads\/2014\/11\/devletarsizleri-personelleri-hak-arama.jpg\" alt=\"\" width=\"268\" height=\"128\" \/>Bilindi\u011fi \u00fczere, kadroya ge\u00e7en \u0130\u015f ve Meslek Dan\u0131\u015fmanlar\u0131n\u0131n maa\u015flar\u0131nda ya\u015fanan kay\u0131p i\u00e7in tedbir al\u0131nm\u0131\u015f ve ek zam verilmi\u015fti. Ancak, benzer bir sorunun ya\u015fand\u0131\u011f\u0131 Devlet Ar\u015fivlerindeki personellerin ma\u011fduriyetini kimse g\u00f6rmedi.<strong> &#8220;L\u00fctuf de\u011fil hakk\u0131m\u0131z\u0131 istiyoruz!&#8221; hakl\u0131 talepleri ile <span style=\"color: #ff0000;\">bbyhaber&#8217;den haber yap\u0131lmas\u0131 y\u00f6n\u00fcnde ileti\u015fime<\/span> ge\u00e7en Ba\u015fbakanl\u0131k Devlet Ar\u015fivleri Genel M\u00fcd\u00fcrl\u00fc\u011f\u00fc&#8217;ndeki \u00e7al\u0131\u015fanlar seslerini duyurmak istemektedirler ve bu do\u011frultuda bbyhaber&#8217;de, katk\u0131 sa\u011flamak ad\u0131na bu hak talebine sessiz kalamazd\u0131. <!--more--><br style=\"text-align: justify;\" \/><\/strong><\/p>\n<p style=\"text-align: justify;\"><strong>Ba\u015fbakanl\u0131k Devlet Ar\u015fivleri Genel M\u00fcd\u00fcrl\u00fc\u011f\u00fc<\/strong>&#8216;nde &#8220;<strong>S\u00f6zle\u015fmeli<\/strong>&#8221; olarak \u00e7al\u0131\u015fmakta iken 02.08.2013 tarih ve 6495 say\u0131l\u0131 kanun ile ihdas edilen &#8220;<strong>Ara\u015ft\u0131rmac\u0131<\/strong>&#8221; unvanl\u0131 kadrolara atamas\u0131 yap\u0131lan personelin <strong>mali haklar\u0131nda b\u00fcy\u00fck kay\u0131plar meydana gelmi\u015ftir<\/strong>. Mevcut halde &#8220;<strong>Ara\u015ft\u0131rmac\u0131<\/strong>&#8221; kadrosuna atanan bu personelin bulundu\u011fu derecesine g\u00f6re gelir kayb\u0131 <strong>800 TL<\/strong>&#8216;dir.<\/p>\n<p style=\"text-align: justify;\">S\u00f6z\u00fc edilen personel, b\u00fct\u00fcn giri\u015fimlere ra\u011fmen 20.02.2014 tarih ve 6525 say\u0131l\u0131 Kanun&#8217;nun &#8220;<strong>Ara\u015ft\u0131rmac\u0131<\/strong>&#8221; kadrosunun mali ko\u015fullar\u0131nda iyile\u015ftirme \u00f6ng\u00f6ren 41. Maddesi kapsam\u0131nda al\u0131nmam\u0131\u015f ve ma\u011frudiyetinin devam\u0131na g\u00f6z yumulmu\u015ftur. Benzer bir \u015fekilde 6552 say\u0131l\u0131 kanunla da bir d\u00fczenleme yap\u0131lmam\u0131\u015f ve yok say\u0131lmaya devam edilmi\u015ftir.<\/p>\n<p style=\"text-align: justify;\">Halbuki s\u00f6z\u00fc edilen 6495 say\u0131l\u0131 kanunla kadro imkan\u0131na kavu\u015fturulan <strong>\u0130\u015f ve Meslek Dan\u0131\u015fmanlar\u0131<\/strong>&#8216;n\u0131n kar\u015f\u0131 kar\u015f\u0131ya kald\u0131\u011f\u0131 maddi kay\u0131plar, 6552 say\u0131l\u0131 kanunun 68. Maddesinde 657 say\u0131l\u0131 kanunun 152. Maddesinde d\u00fczenlenen \u00d6zel Hizmet Tazminat\u0131 oranlar\u0131nda de\u011fi\u015fikli\u011fe gidilmek suretiyle telafi edilmi\u015fdir. Bu imkan\u0131n <strong>Devlet Ar\u015fivleri Genel M\u00fcd\u00fcrl\u00fc\u011f\u00fc<\/strong>&#8216;nde \u00e7al\u0131\u015fan &#8220;<strong>Ara\u015ft\u0131rmac\u0131<\/strong>&#8221; unvanl\u0131 personelden esirgenmesi anla\u015f\u0131l\u0131r bir durum de\u011fildir.<\/p>\n<p style=\"text-align: justify;\">27.06.1989 tarih ve 375 say\u0131l\u0131 Kanun H\u00fckm\u00fcnde Kararname&#8217;nin ge\u00e7ici 11. Madesinin \u00fc\u00e7\u00fcnc\u00fc f\u0131kras\u0131ndaki &#8220;M\u00fcd\u00fcr yard\u0131mc\u0131s\u0131&#8221; ifadesinden \u00f6nce gelmek \u00fczere &#8220;<strong>6495 say\u0131l\u0131 kanun h\u00fckm\u00fcnce &#8216;Ara\u015ft\u0131rmac\u0131&#8217; unvanl\u0131 kadrolara atanan veya atam\u0131\u015f say\u0131lanlar ile<\/strong>&#8221; ibaresinin<\/p>\n<p style=\"text-align: justify;\">657 say\u0131l\u0131 kununun 152. Maddesinin &#8216;II-Tazminatlar&#8217; k\u0131sm\u0131n\u0131n &#8220;<strong>A) \u00d6zel Hizmet Tazminat\u0131<\/strong>&#8221; b\u00f6l\u00fcm\u00fcn\u00fcn (n) bendinde &#8220;<strong>T\u00fcrkiye \u0130\u015f Kurumu ve \u0130\u015f ve Meslek Dan\u0131\u015fmanlar\u0131<\/strong>&#8221; ibaresinden sonra gelmek \u00fczere &#8220;<strong>Ba\u015fbakanl\u0131k Merkez Te\u015fkilat\u0131&#8217;nda Ara\u015ft\u0131rmac\u0131<\/strong>&#8221; ibaresinin eklenmesinin yerinde olaca\u011f\u0131 de\u011ferlendirilmektedir.<\/p>\n<p style=\"text-align: justify;\">Ayr\u0131ca 6995 say\u0131l\u0131 kununun imkan\u0131ndan faydalanamayan arkada\u015flar\u0131m\u0131z g\u00f6revlerine &#8220;<strong>S\u00f6zle\u015fmeli<\/strong>&#8221; olarak devam etmektedir. Bu arkada\u015flar\u0131m\u0131z\u0131n da kadro imkan\u0131na kavu\u015fturulmas\u0131 hem \u00e7al\u0131\u015fma bar\u0131\u015f\u0131 hem de kurumun i\u015fleyi\u015fi a\u00e7\u0131s\u0131ndan olduk\u00e7a \u00f6nemlidir.<\/p>\n","protected":false},"excerpt":{"rendered":"<p>Bilindi\u011fi \u00fczere, kadroya ge\u00e7en \u0130\u015f ve Meslek Dan\u0131\u015fmanlar\u0131n\u0131n maa\u015flar\u0131nda ya\u015fanan kay\u0131p i\u00e7in tedbir al\u0131nm\u0131\u015f ve ek zam verilmi\u015fti. Ancak, benzer bir sorunun ya\u015fand\u0131\u011f\u0131 Devlet Ar\u015fivlerindeki personellerin ma\u011fduriyetini kimse g\u00f6rmedi. &#8220;L\u00fctuf de\u011fil hakk\u0131m\u0131z\u0131 istiyoruz!&#8221; hakl\u0131 talepleri ile bbyhaber&#8217;den haber yap\u0131lmas\u0131 y\u00f6n\u00fcnde ileti\u015fime ge\u00e7en Ba\u015fbakanl\u0131k Devlet Ar\u015fivleri Genel M\u00fcd\u00fcrl\u00fc\u011f\u00fc&#8217;ndeki \u00e7al\u0131\u015fanlar seslerini duyurmak istemektedirler ve bu do\u011frultuda bbyhaber&#8217;de, [&hellip;]<\/p>\n","protected":false},"author":1,"featured_media":0,"comment_status":"open","ping_status":"open","sticky":false,"template":"","format":"standard","meta":{"footnotes":""},"categories":[1],"tags":[1096],"class_list":["post-15484","post","type-post","status-publish","format-standard","hentry","category-genel","tag-arsivcilik"],"_links":{"self":[{"href":"https:\/\/www.bbyhaber.com\/bby\/wp-json\/wp\/v2\/posts\/15484"}],"collection":[{"href":"https:\/\/www.bbyhaber.com\/bby\/wp-json\/wp\/v2\/posts"}],"about":[{"href":"https:\/\/www.bbyhaber.com\/bby\/wp-json\/wp\/v2\/types\/post"}],"author":[{"embeddable":true,"href":"https:\/\/www.bbyhaber.com\/bby\/wp-json\/wp\/v2\/users\/1"}],"replies":[{"embeddable":true,"href":"https:\/\/www.bbyhaber.com\/bby\/wp-json\/wp\/v2\/comments?post=15484"}],"version-history":[{"count":0,"href":"https:\/\/www.bbyhaber.com\/bby\/wp-json\/wp\/v2\/posts\/15484\/revisions"}],"wp:attachment":[{"href":"https:\/\/www.bbyhaber.com\/bby\/wp-json\/wp\/v2\/media?parent=15484"}],"wp:term":[{"taxonomy":"category","embeddable":true,"href":"https:\/\/www.bbyhaber.com\/bby\/wp-json\/wp\/v2\/categories?post=15484"},{"taxonomy":"post_tag","embeddable":true,"href":"https:\/\/www.bbyhaber.com\/bby\/wp-json\/wp\/v2\/tags?post=15484"}],"curies":[{"name":"wp","href":"https:\/\/api.w.org\/{rel}","templated":true}]}}