{"id":15476,"date":"2014-11-20T10:54:23","date_gmt":"2014-11-20T08:54:23","guid":{"rendered":"http:\/\/www.bbyhaber.com\/bby\/?p=15476"},"modified":"2014-12-01T08:37:52","modified_gmt":"2014-12-01T06:37:52","slug":"ix-arsivcilik-gunu-27-kasim-2014","status":"publish","type":"post","link":"https:\/\/www.bbyhaber.com\/bby\/2014\/11\/20\/ix-arsivcilik-gunu-27-kasim-2014","title":{"rendered":"IX.Ar\u015fivcilik G\u00fcn\u00fc-27 Kas\u0131m 2014"},"content":{"rendered":"<p style=\"text-align: justify;\">IX.Ar\u015fivcilik G\u00fcn\u00fc ve Hazine-i Evrak&#8217;\u0131n krulu\u015funun 168. y\u0131ld\u00f6n\u00fcm\u00fc etkinlikleri <strong>27 Kas\u0131m 201<\/strong>4 tarihinde Osmanl\u0131 Ar\u015fivleri Genel M\u00fcd\u00fcrl\u00fc\u011f\u00fc Ka\u011f\u0131thane yerle\u015fkesinde ger\u00e7ekle\u015ftirilecektir. Program detay\u0131 a\u015fa\u011f\u0131dad\u0131r:<\/p>\n<p style=\"text-align: justify;\"><a href=\"http:\/\/www.arsivder.org.tr\/davetiye\/davetiye_on.jpg\"><img loading=\"lazy\" decoding=\"async\" class=\"alignnone\" src=\"http:\/\/www.arsivder.org.tr\/davetiye\/davetiye_on.jpg\" alt=\"\" width=\"200\" height=\"150\" \/><\/a> <a href=\"http:\/\/www.arsivder.org.tr\/davetiye\/davetiye_ic1.jpg\"><img loading=\"lazy\" decoding=\"async\" class=\"alignnone\" src=\"http:\/\/www.arsivder.org.tr\/davetiye\/davetiye_ic1.jpg\" alt=\"\" width=\"200\" height=\"150\" \/><\/a><\/p>\n","protected":false},"excerpt":{"rendered":"<p>IX.Ar\u015fivcilik G\u00fcn\u00fc ve Hazine-i Evrak&#8217;\u0131n krulu\u015funun 168. y\u0131ld\u00f6n\u00fcm\u00fc etkinlikleri 27 Kas\u0131m 2014 tarihinde Osmanl\u0131 Ar\u015fivleri Genel M\u00fcd\u00fcrl\u00fc\u011f\u00fc Ka\u011f\u0131thane yerle\u015fkesinde ger\u00e7ekle\u015ftirilecektir. Program detay\u0131 a\u015fa\u011f\u0131dad\u0131r:<\/p>\n","protected":false},"author":1,"featured_media":0,"comment_status":"open","ping_status":"open","sticky":false,"template":"","format":"standard","meta":{"footnotes":""},"categories":[],"tags":[1395],"class_list":["post-15476","post","type-post","status-publish","format-standard","hentry","tag-bby-mesleki-etkinlikler-arsivi"],"_links":{"self":[{"href":"https:\/\/www.bbyhaber.com\/bby\/wp-json\/wp\/v2\/posts\/15476"}],"collection":[{"href":"https:\/\/www.bbyhaber.com\/bby\/wp-json\/wp\/v2\/posts"}],"about":[{"href":"https:\/\/www.bbyhaber.com\/bby\/wp-json\/wp\/v2\/types\/post"}],"author":[{"embeddable":true,"href":"https:\/\/www.bbyhaber.com\/bby\/wp-json\/wp\/v2\/users\/1"}],"replies":[{"embeddable":true,"href":"https:\/\/www.bbyhaber.com\/bby\/wp-json\/wp\/v2\/comments?post=15476"}],"version-history":[{"count":0,"href":"https:\/\/www.bbyhaber.com\/bby\/wp-json\/wp\/v2\/posts\/15476\/revisions"}],"wp:attachment":[{"href":"https:\/\/www.bbyhaber.com\/bby\/wp-json\/wp\/v2\/media?parent=15476"}],"wp:term":[{"taxonomy":"category","embeddable":true,"href":"https:\/\/www.bbyhaber.com\/bby\/wp-json\/wp\/v2\/categories?post=15476"},{"taxonomy":"post_tag","embeddable":true,"href":"https:\/\/www.bbyhaber.com\/bby\/wp-json\/wp\/v2\/tags?post=15476"}],"curies":[{"name":"wp","href":"https:\/\/api.w.org\/{rel}","templated":true}]}}