{"id":1545,"date":"2011-12-08T21:54:31","date_gmt":"2011-12-08T21:54:31","guid":{"rendered":"http:\/\/www.bbyhaber.com\/bby\/?p=1545"},"modified":"2012-07-01T19:16:21","modified_gmt":"2012-07-01T19:16:21","slug":"kars-il-halk-kutuphanesi-bunyesinde-konusan-kutuphane","status":"publish","type":"post","link":"https:\/\/www.bbyhaber.com\/bby\/2011\/12\/08\/kars-il-halk-kutuphanesi-bunyesinde-konusan-kutuphane","title":{"rendered":"Bilgiye Eri\u015fimde Engelli De\u011filsiniz Projesi-Kars"},"content":{"rendered":"<p style=\"text-align: justify;\">Bilgiye Eri\u015fimde Engelli De\u011filsiniz (B\u0130LED) projesi kapsam\u0131nda Kars \u0130l Halk K\u00fct\u00fcphanesi b\u00fcnyesinde &#8220;Konu\u015fan K\u00fct\u00fcphane&#8221; d\u00fczenlenen t\u00f6renle hizmete a\u00e7\u0131ld\u0131. \u0130l Halk K\u00fct\u00fcphanesinde, az g\u00f6ren ve g\u00f6rme engelli kullan\u0131c\u0131lar\u0131n hizmetine sunulmak \u00fczere 1 adet kitap okuma makinesi, 1 adet masa \u00fcst\u00fc b\u00fcy\u00fcte\u00e7, 4 adet sesli ekran okuma program\u0131 ve 4 adet ekran b\u00fcy\u00fctme program\u0131 sat\u0131n al\u0131narak, kurulum i\u015flemleri tamamland\u0131.<!--more--><\/p>\n<p style=\"text-align: justify;\">Vali Ahmet Kara, \u00fcnitenin a\u00e7\u0131l\u0131\u015f\u0131nda yapt\u0131\u011f\u0131 konu\u015fmada, Mevlana&#8217;n\u0131n \u00f6zl\u00fc s\u00f6zlerinden birini \u00f6rnek vererek, &#8220;Deniz ne kadar b\u00fcy\u00fck olursa olsun, o denizden herkes kab\u0131 b\u00fcy\u00fckl\u00fc\u011f\u00fcnde su alabilir&#8221; dedi.<\/p>\n<p style=\"text-align: justify;\">\u0130nsanlar\u0131n kapasiteleri, bilgi hazineleri, k\u00fclt\u00fcr ve sanat hazineleri ne kadarsa o kadar alabilece\u011fini belirten Kara, &#8220;Bizde k\u00fclt\u00fcr hazinemizi a\u00e7aca\u011f\u0131m\u0131z bu \u00fcniteyle daha da geni\u015fletece\u011fiz. Yani bundan sonra g\u00f6rmeyenlerle az g\u00f6renler bu \u00fcniteden ziyadesiyle yararlanacaklard\u0131r&#8221; diye konu\u015ftu.<\/p>\n<p style=\"text-align: justify;\">Toplumun, engelli, engelsiz, kad\u0131n\u0131, erke\u011fi, okumu\u015fu veya okumam\u0131\u015f\u0131yla, zenginiyle fakiriyle bir b\u00fct\u00fcn oldu\u011funun alt\u0131n\u0131 \u00e7izen Kara, &#8220;E\u011fer toplumu olu\u015fturan baz\u0131 kesimleri d\u0131\u015far\u0131da b\u0131rak\u0131rsak bu bizim b\u00fcy\u00fck eksikliklerimizden birisi olur&#8221; ifadesini kulland\u0131.<\/p>\n<p style=\"text-align: justify;\">\u0130l Halk K\u00fct\u00fcphanesi M\u00fcdiresi Mehtap \u00c7antay da, olu\u015fturulan B\u0130LED k\u00f6\u015fesi ile Kars&#8217;ta g\u00f6rme engelli vatanda\u015flar\u0131n K\u00fct\u00fcphaneye gelerek istedi\u011fi bir metnin veya kitab\u0131n kendisine sesli okunmas\u0131n\u0131n sa\u011flanaca\u011f\u0131n\u0131 belirtti.<\/p>\n<p style=\"text-align: justify;\">\u00c7antay, az g\u00f6ren vatanda\u015flar\u0131n da masa\u00fcst\u00fc b\u00fcy\u00fcte\u00e7 sayesinde kitap dergi gibi materyallerdeki yaz\u0131lar\u0131 ekranda 80 kat\u0131na kadar b\u00fcy\u00fct\u00fclerek kolayca okuyabileceklerini s\u00f6zlerine ekledi.<\/p>\n<p style=\"text-align: justify;\">Kaynak: http:\/\/www.kha.com.tr<\/p>\n","protected":false},"excerpt":{"rendered":"<p>Bilgiye Eri\u015fimde Engelli De\u011filsiniz (B\u0130LED) projesi kapsam\u0131nda Kars \u0130l Halk K\u00fct\u00fcphanesi b\u00fcnyesinde &#8220;Konu\u015fan K\u00fct\u00fcphane&#8221; d\u00fczenlenen t\u00f6renle hizmete a\u00e7\u0131ld\u0131. \u0130l Halk K\u00fct\u00fcphanesinde, az g\u00f6ren ve g\u00f6rme engelli kullan\u0131c\u0131lar\u0131n hizmetine sunulmak \u00fczere 1 adet kitap okuma makinesi, 1 adet masa \u00fcst\u00fc b\u00fcy\u00fcte\u00e7, 4 adet sesli ekran okuma program\u0131 ve 4 adet ekran b\u00fcy\u00fctme program\u0131 sat\u0131n al\u0131narak, kurulum [&hellip;]<\/p>\n","protected":false},"author":1,"featured_media":0,"comment_status":"open","ping_status":"open","sticky":false,"template":"","format":"standard","meta":{"footnotes":""},"categories":[1],"tags":[204],"class_list":["post-1545","post","type-post","status-publish","format-standard","hentry","category-genel","tag-bilgiye-erisimde-engelli-degilsiniz-projesi"],"_links":{"self":[{"href":"https:\/\/www.bbyhaber.com\/bby\/wp-json\/wp\/v2\/posts\/1545"}],"collection":[{"href":"https:\/\/www.bbyhaber.com\/bby\/wp-json\/wp\/v2\/posts"}],"about":[{"href":"https:\/\/www.bbyhaber.com\/bby\/wp-json\/wp\/v2\/types\/post"}],"author":[{"embeddable":true,"href":"https:\/\/www.bbyhaber.com\/bby\/wp-json\/wp\/v2\/users\/1"}],"replies":[{"embeddable":true,"href":"https:\/\/www.bbyhaber.com\/bby\/wp-json\/wp\/v2\/comments?post=1545"}],"version-history":[{"count":0,"href":"https:\/\/www.bbyhaber.com\/bby\/wp-json\/wp\/v2\/posts\/1545\/revisions"}],"wp:attachment":[{"href":"https:\/\/www.bbyhaber.com\/bby\/wp-json\/wp\/v2\/media?parent=1545"}],"wp:term":[{"taxonomy":"category","embeddable":true,"href":"https:\/\/www.bbyhaber.com\/bby\/wp-json\/wp\/v2\/categories?post=1545"},{"taxonomy":"post_tag","embeddable":true,"href":"https:\/\/www.bbyhaber.com\/bby\/wp-json\/wp\/v2\/tags?post=1545"}],"curies":[{"name":"wp","href":"https:\/\/api.w.org\/{rel}","templated":true}]}}