{"id":15444,"date":"2014-11-19T01:18:51","date_gmt":"2014-11-18T23:18:51","guid":{"rendered":"http:\/\/www.bbyhaber.com\/bby\/?p=15444"},"modified":"2018-06-06T10:06:14","modified_gmt":"2018-06-06T07:06:14","slug":"kutuphaneciyi-ciddiye-almak","status":"publish","type":"post","link":"https:\/\/www.bbyhaber.com\/bby\/2014\/11\/19\/kutuphaneciyi-ciddiye-almak","title":{"rendered":"K\u00fct\u00fcphaneciyi Ciddiye Almak"},"content":{"rendered":"<p>[avatar user=&#8221;bulentyilmaz&#8221; \/]<a href=\"http:\/\/www.bbyhaber.com\/bby\/author\/bulentyilmaz\"><br \/>\nProf.Dr.B\u00fclent YILMAZ<\/a><br \/>\n<strong>Hacettepe \u00dcniversitesi BBY B\u00f6l\u00fcm\u00fc \u00d6\u011fretim \u00dcyesi<\/strong><\/p>\n<p style=\"text-align: justify;\"><img loading=\"lazy\" decoding=\"async\" class=\"alignleft\" src=\"http:\/\/www.bbyhaber.com\/bby\/wp-content\/uploads\/2014\/11\/byilmaz-kadrolar.jpg\" alt=\"\" width=\"200\" height=\"100\" \/>Hacettepe \u00dcniversitesi Bilgi ve Belge Y\u00f6netimi B\u00f6l\u00fcm\u00fc \u00d6\u011fretim \u00dcyesi, Prof. Dr. B\u00fclent Y\u0131lmaz&#8217;\u0131n g\u00fcncel k\u00fct\u00fcphane politikas\u0131 ve k\u00fct\u00fcphanecilerin kadro sorunu \u00fczerine akademisyen duyarl\u0131l\u0131\u011f\u0131 ile kaleme ald\u0131\u011f\u0131 yaz\u0131s\u0131 geni\u015f yank\u0131 buldu.\u00a0KPSS 2014-2&#8217;de K\u00fct\u00fcphanecilik, Bilgi ve Belge Y\u00f6netimi ve Ar\u015fivcilik mezunlar\u0131 i\u00e7in sadece 9 (dokuz) k\u00fct\u00fcphaneci kadrosunun verilmesi T\u00fcrkiye genelinde tart\u0131\u015f\u0131l\u0131rken, Prof. Dr. B\u00fclent Y\u0131lmaz&#8217;\u0131n yazd\u0131\u011f\u0131 i\u015fte o g\u00fcncel makale;<!--more--> &#8220;T\u00fcrkiye gibi k\u00fct\u00fcphanecilik hizmetlerini b\u00fcy\u00fck g\u00fc\u00e7l\u00fckler i\u00e7inde vermeye ve geli\u015ftirmeye \u00e7al\u0131\u015fan bir \u00fclkede ulusal bir k\u00fct\u00fcphane politikas\u0131 olmad\u0131\u011f\u0131ndan ve bu alandaki i\u015flerin genelde y\u00f6netici, etkili ve yetkili ki\u015filerin ki\u015fisel bilin\u00e7, yakla\u015f\u0131m ve duyarl\u0131l\u0131klar\u0131na b\u0131rak\u0131ld\u0131\u011f\u0131ndan ne yaz\u0131k ki &#8220;k\u00fct\u00fcphaneci&#8221; kimli\u011fini kabul ettirmek \u00e7ok g\u00fc\u00e7. Doktora d\u00fczeyinde e\u011fitimin verildi\u011fi, neredeyse 60-70 y\u0131ll\u0131k bir mesleki ge\u00e7mi\u015fe sahip k\u00fct\u00fcphanecili\u011fin \u00fclkemizde hala ki\u015filerin inisiyatifinde olmas\u0131, kurumsalla\u015famam\u0131\u015f olmas\u0131 \u00e7ok ac\u0131.<\/p>\n<p style=\"text-align: justify;\">Evet, kan\u0131mca ilk neden \u015fu: K\u00fct\u00fcphanecilik hizmetlerinin \u00fclkede mesle\u011fe y\u00f6n verici b\u00fcrokrat, karar verici ve y\u00f6neticilerin ki\u015fisel bilin\u00e7 ve duyarl\u0131l\u0131klar\u0131na ba\u011fl\u0131 olmas\u0131, kurumsalla\u015famam\u0131\u015f olmas\u0131.\u0130kincisi: S\u00f6z\u00fc edilen bu ki\u015filerin de bilin\u00e7 ve duyarl\u0131l\u0131k d\u00fczeylerinin ne yaz\u0131k ki olmas\u0131 gereken nitelikte olmamas\u0131. Elbette, karar verici, y\u00f6netici ve y\u00f6nlendiricilerin meslek d\u0131\u015f\u0131ndan olma nitelikleri de \u00f6nemli bir di\u011fer neden. Dolay\u0131s\u0131yla, bir k\u00fct\u00fcphanecinin k\u00fct\u00fcphane i\u00e7in olmazsa olmaz rol\u00fc, \u00f6nemi konusunda dahi ciddi bir fark\u0131ndal\u0131k sorunu oldu\u011fu a\u00e7\u0131k. Ayr\u0131ca, mesle\u011fimiz ad\u0131na yap\u0131lan atamalara, g\u00f6revden almalara, hizmet hatalar\u0131na, yanl\u0131\u015f kararlara yeterli ve sonu\u00e7 al\u0131c\u0131 kar\u015f\u0131 \u00e7\u0131k\u0131\u015flar\u0131 ger\u00e7ekle\u015ftiremeyi\u015fimiz, g\u00fc\u00e7l\u00fc bir sivil toplum inisiyatifi olu\u015fturamay\u0131\u015f\u0131m\u0131z, bu durumlar\u0131 kabullenmelerimiz bug\u00fcnk\u00fc sonu\u00e7lar\u0131 yaratan di\u011fer etkenler olsa gerek. Elbette toplumsal d\u00fczeyde bilgi ile ili\u015fkinin zay\u0131f olu\u015fu, bunun mesleki stat\u00fcn\u00fcn d\u00fc\u015f\u00fckl\u00fc\u011f\u00fcne neden olu\u015funu da atlamamak gerek. Bir t\u00fcrl\u00fc olgunla\u015fmayan, ilkelliklerden, dar g\u00f6r\u00fc\u015fl\u00fcl\u00fcklerden kurtulamayan g\u00fcncel politika uygulamalar\u0131 k\u00fct\u00fcphanecili\u011fin her alan\u0131na yans\u0131yan ciddi olumsuzluklar\u0131n ana kaynaklar\u0131ndan birisi.<\/p>\n<p style=\"text-align: justify;\">Y\u0131lda \u00fcniversite d\u00fczeyinde yakla\u015f\u0131k 500 k\u00fct\u00fcphaneci mezun edilen bir \u00fclkede 4 k\u00fct\u00fcphaneci i\u015fe alacaks\u0131n\u0131z. Ve sorumlu hi\u00e7 kimse bunun bir a\u00e7\u0131klamas\u0131n\u0131 yapmayacak. Demokrasi k\u00fclt\u00fcr\u00fc olan bir \u00fclkede bu d\u00fc\u015f\u00fcn\u00fclemez. Yakla\u015f\u0131k 1150 halk k\u00fct\u00fcphanesinde (merkez \u00f6rg\u00fct kadrolar\u0131n\u0131 saymazsan\u0131z) neredeyse 4 k\u00fct\u00fcphaneye 1 k\u00fct\u00fcphanecinin d\u00fc\u015ft\u00fc\u011f\u00fc, 180&#8217;nin \u00fczerinde \u00fcniversite k\u00fct\u00fcphanesin herbirinde birka\u00e7 k\u00fct\u00fcphaneci ile hizmet vermeye \u00e7al\u0131\u015ft\u0131\u011f\u0131, yakla\u015f\u0131k 60 000 ilk ve orta \u00f6\u011fretim okul k\u00fct\u00fcphanesinde bir tek k\u00fct\u00fcphanecinin olmad\u0131\u011f\u0131 bir \u00fclkede hi\u00e7 k\u00fct\u00fcphaneci almamay\u0131 sorumlular\u0131n ola\u011fan bir durum gibi ge\u00e7i\u015ftirmeye \u00e7al\u0131\u015fmas\u0131, bir a\u00e7\u0131klama yapma gere\u011fi dahi duymamalar\u0131 kabul edilebilir bir durum de\u011fildir. Evet, bu konuda sorumlulu\u011fu olanlar\u0131n a\u00e7\u0131klama yapma zorunluluklar\u0131 vard\u0131r. Bizim de bu a\u00e7\u0131klamalar\u0131 bekleme ve de\u011ferlendirme kararl\u0131l\u0131\u011f\u0131m\u0131z olmal\u0131d\u0131r.<\/p>\n<p style=\"text-align: justify;\">\u0130nsanlar\u0131 bilgilendirerek geli\u015ftirmeye, toplumun e\u011fitim ve k\u00fclt\u00fcr d\u00fczeyini y\u00fckseltmeye \u00e7al\u0131\u015fan k\u00fct\u00fcphanecilerimizi, d\u00fcnyada bu alanda ciddi bir d\u00f6n\u00fc\u015f\u00fcm s\u00fcreci s\u00f6z konusu iken mesle\u011fimizi zavall\u0131 bir duruma d\u00fc\u015f\u00fcrmeye, sosyal medyada neredeyse alay konusu yap\u0131lmas\u0131na neden olmaya, mesleki kimli\u011fimizi y\u0131pratmaya kimsenin hakk\u0131 olmasa gerek. Bu alan\u0131n bir hocas\u0131 olarak da s\u00f6ylemem gerekir ki, mezun etti\u011fimiz her bir \u00f6\u011frenci bizim i\u00e7in \u00e7ok de\u011ferlidir ve onlar\u0131n gelecek umutlar\u0131n\u0131 s\u00f6nd\u00fcrmek, gelecek kayg\u0131lar\u0131 ya\u015famalar\u0131na neden olmak kabul edebilece\u011fimiz bir \u015fey de\u011fildir. Hepsi bir an \u00f6nce mesleklerini yapmak isteyen p\u0131r\u0131l p\u0131r\u0131l gen\u00e7lerdir \u00e7\u00fcnk\u00fc. Peki somut olarak ne yap\u0131labilir? Sosyal medyada arkada\u015flar\u0131m\u0131z\u0131n yapt\u0131klar\u0131 \u00f6nemlidir ve destekliyorum. Ancak bu yeterli de\u011fildir.<\/p>\n<p style=\"text-align: justify;\">TKD ve \u00dcNAK, en b\u00fcy\u00fck i\u015fveren durumunda olan ve bu durumda sorumluluklar\u0131 bulunan KYGM ve Milli E\u011fitim Bakanl\u0131\u011f\u0131 yetkilileri ile g\u00f6r\u00fc\u015fmeler, \u00fcniversitelerle yaz\u0131\u015fmalar yapmal\u0131d\u0131r. Bu g\u00f6r\u00fc\u015fmelerin bakan, m\u00fcste\u015far ve m\u00fcste\u015far yard\u0131mc\u0131s\u0131, genel m\u00fcd\u00fcr, Y\u00d6K Ba\u015fkan\u0131 d\u00fczeylerinde ayr\u0131 ayr\u0131 ger\u00e7ekle\u015ftirilmesi gerekir. Ayr\u0131ca Devlet Personel Dairesi Ba\u015fkan\u0131, onun ba\u011fl\u0131 oldu\u011fu bakanl\u0131k m\u00fcste\u015far\u0131 ile de mutlaka g\u00f6r\u00fc\u015fmek gerekir. Maliye Bakanl\u0131\u011f\u0131&#8217;n\u0131n da stratejik bakanl\u0131k oldu\u011fu, g\u00f6r\u00fc\u015fmelere dahil edilmesi gerekti\u011fi a\u00e7\u0131k. \u0130\u015fin medya aya\u011f\u0131na k\u00f6\u015fe yazarlar\u0131n\u0131 da katmak yararl\u0131 olacakt\u0131r. Yetkili ve sorumlu makamlar\u0131n kurumlar\u0131na kadro isteme konusunda yapt\u0131klar\u0131n\u0131 s\u00f6yleyecekleri rutin b\u00fcrokratik yaz\u0131\u015fmalar\u0131n T\u00fcrkiye ger\u00e7ekli\u011finde yeterli olamayaca\u011f\u0131n\u0131 bilmek, bildirmek ve bu gerek\u00e7eyi kabul etmemek gerekir. Bu kurum yetkilileri i\u015fin ciddi olarak pe\u015fine d\u00fc\u015fme, sonu\u00e7 alma sorumluluklar\u0131 vard\u0131r. Elbette meslekta\u015flar\u0131n ve meslekta\u015f adaylar\u0131n\u0131n da bu konudaki kayg\u0131lar\u0131n\u0131, isteklerini, d\u00fc\u015f\u00fcncelerini ki\u015fisel olarak bu makamlara \u00e7ekinmeden iletmeleri zorunludur. \u0130\u015fi sadece sivil toplum kurulu\u015flar\u0131m\u0131za b\u0131rakmak do\u011fru de\u011fildir.<\/p>\n<p style=\"text-align: justify;\">Geni\u015f, canl\u0131 ve s\u00fcrekli bir kamuoyu yaratmak gerekir san\u0131r\u0131m. S\u00f6z konusu olan &#8220;mesleki onurumuz ve gelece\u011fimizdir!&#8221; Ki\u015fisel olarak her t\u00fcrden \u00e7abaya destek vermeye haz\u0131r oldu\u011fumu belirtmek de isterim. Durum hakk\u0131nda birbirimizle dertle\u015fmenin, birbirimize yak\u0131nman\u0131n \u00e7ok bir yarar\u0131 oldu\u011funu a\u00e7\u0131k\u00e7as\u0131 d\u00fc\u015f\u00fcnm\u00fcyorum. Sonu\u00e7 al\u0131c\u0131, somut i\u015fler yapmak zorunday\u0131z.&#8221;<\/p>\n","protected":false},"excerpt":{"rendered":"<p>[avatar user=&#8221;bulentyilmaz&#8221; \/] Prof.Dr.B\u00fclent YILMAZ Hacettepe \u00dcniversitesi BBY B\u00f6l\u00fcm\u00fc \u00d6\u011fretim \u00dcyesi Hacettepe \u00dcniversitesi Bilgi ve Belge Y\u00f6netimi B\u00f6l\u00fcm\u00fc \u00d6\u011fretim \u00dcyesi, Prof. Dr. B\u00fclent Y\u0131lmaz&#8217;\u0131n g\u00fcncel k\u00fct\u00fcphane politikas\u0131 ve k\u00fct\u00fcphanecilerin kadro sorunu \u00fczerine akademisyen duyarl\u0131l\u0131\u011f\u0131 ile kaleme ald\u0131\u011f\u0131 yaz\u0131s\u0131 geni\u015f yank\u0131 buldu.\u00a0KPSS 2014-2&#8217;de K\u00fct\u00fcphanecilik, Bilgi ve Belge Y\u00f6netimi ve Ar\u015fivcilik mezunlar\u0131 i\u00e7in sadece 9 (dokuz) k\u00fct\u00fcphaneci [&hellip;]<\/p>\n","protected":false},"author":146,"featured_media":0,"comment_status":"open","ping_status":"open","sticky":false,"template":"","format":"standard","meta":{"footnotes":""},"categories":[31,1,1502],"tags":[1460],"class_list":["post-15444","post","type-post","status-publish","format-standard","hentry","category-bbykpss","category-genel","category-prof-dr-bulent-yilmaz","tag-kose-yazarlari"],"_links":{"self":[{"href":"https:\/\/www.bbyhaber.com\/bby\/wp-json\/wp\/v2\/posts\/15444"}],"collection":[{"href":"https:\/\/www.bbyhaber.com\/bby\/wp-json\/wp\/v2\/posts"}],"about":[{"href":"https:\/\/www.bbyhaber.com\/bby\/wp-json\/wp\/v2\/types\/post"}],"author":[{"embeddable":true,"href":"https:\/\/www.bbyhaber.com\/bby\/wp-json\/wp\/v2\/users\/146"}],"replies":[{"embeddable":true,"href":"https:\/\/www.bbyhaber.com\/bby\/wp-json\/wp\/v2\/comments?post=15444"}],"version-history":[{"count":4,"href":"https:\/\/www.bbyhaber.com\/bby\/wp-json\/wp\/v2\/posts\/15444\/revisions"}],"predecessor-version":[{"id":24467,"href":"https:\/\/www.bbyhaber.com\/bby\/wp-json\/wp\/v2\/posts\/15444\/revisions\/24467"}],"wp:attachment":[{"href":"https:\/\/www.bbyhaber.com\/bby\/wp-json\/wp\/v2\/media?parent=15444"}],"wp:term":[{"taxonomy":"category","embeddable":true,"href":"https:\/\/www.bbyhaber.com\/bby\/wp-json\/wp\/v2\/categories?post=15444"},{"taxonomy":"post_tag","embeddable":true,"href":"https:\/\/www.bbyhaber.com\/bby\/wp-json\/wp\/v2\/tags?post=15444"}],"curies":[{"name":"wp","href":"https:\/\/api.w.org\/{rel}","templated":true}]}}